{"id":28484,"date":"2023-02-27T10:02:26","date_gmt":"2023-02-27T10:02:26","guid":{"rendered":"https:\/\/blogdorogeriogomes.com.br\/?p=28484"},"modified":"2023-02-27T12:54:00","modified_gmt":"2023-02-27T12:54:00","slug":"vice-prefeito-de-fortaleza-elcio-batista-deixa-o-psb","status":"publish","type":"post","link":"https:\/\/blogdorogeriogomes.com.br\/noticias\/2023\/02\/vice-prefeito-de-fortaleza-elcio-batista-deixa-o-psb\/","title":{"rendered":"Vice-prefeito de Fortaleza \u00c9lcio Batista deixa o PSB"},"content":{"rendered":"\n<p>O vice-prefeito de Fortaleza, \u00c9lcio Batista, anunciou que est\u00e1 deixando o PSB. Pelas redes sociais, \u00c9lcio declarou: &#8220;a vida individual \u00e9 feita de ritos de passagens entre grupos e institui\u00e7\u00f5es. O tempo chega para entrar e sair. \u00c9 chegada a hora de deixar o Partido Socialista Brasileiro &#8211; PSB. E o deixo com a mesma felicidade e admira\u00e7\u00e3o com que entrei&#8221;. <\/p>\n\n\n\n<p>O vice-prefeito da Capital agradeceu a todos os membros do PSB nos n\u00edveis municipal, estadual e nacional em nome de dois grandes l\u00edderes o Presidente do Diret\u00f3rio Estadual D\u00eanis Bezerra e o Presidente Nacional Carlos Siqueira. &#8220;A conviv\u00eancia no PSB me trouxe experi\u00eancia e aprendizado. Muito obrigado&#8221;, afirmou.<\/p>\n\n\n\n<p>\u00c9lcio tem mostrado afinidade pol\u00edtica com o prefeito Jos\u00e9 Sarto (PDT) e com o ex-prefeito de Fortaleza, Roberto Cl\u00e1udio (PDT), que v\u00e3o fazer oposi\u00e7\u00e3o ao governador Elmano de Freitas (PT). Ainda n\u00e3o se sabe qual o destino partid\u00e1rio de Elcio, mas se especula o pr\u00f3prio PDT ou o PSDB de Tasso Jereissati.<\/p>\n\n\n\n<figure class=\"wp-block-image size-full\"><img loading=\"lazy\" decoding=\"async\" width=\"678\" height=\"452\" src=\"https:\/\/blogdorogeriogomes.com.br\/wp-content\/uploads\/2023\/02\/images-5-1.jpeg\" alt=\"\" class=\"wp-image-28485\" srcset=\"https:\/\/blogdorogeriogomes.com.br\/noticias\/wp-content\/uploads\/2023\/02\/images-5-1.jpeg 678w, https:\/\/blogdorogeriogomes.com.br\/noticias\/wp-content\/uploads\/2023\/02\/images-5-1-300x200.jpeg 300w\" sizes=\"auto, (max-width: 678px) 100vw, 678px\" \/><\/figure>\n","protected":false},"excerpt":{"rendered":"<p>O vice-prefeito de Fortaleza, \u00c9lcio Batista, anunciou que est\u00e1 deixando o PSB. Pelas redes sociais, \u00c9lcio declarou: &#8220;a vida individual \u00e9 feita de ritos de passagens entre grupos e institui\u00e7\u00f5es. O tempo chega para entrar e sair. \u00c9 chegada a hora de deixar o Partido Socialista Brasileiro &#8211; PSB. E o deixo com a mesma felicidade e admira\u00e7\u00e3o com que entrei&#8221;. O vice-prefeito da Capital agradeceu a todos os membros do PSB nos n\u00edveis municipal, estadual e nacional em&hellip;<\/p>\n","protected":false},"author":1,"featured_media":28485,"comment_status":"open","ping_status":"open","sticky":false,"template":"","format":"standard","meta":{"footnotes":""},"categories":[1],"tags":[],"class_list":["post-28484","post","type-post","status-publish","format-standard","has-post-thumbnail","hentry","category-noticias"],"_links":{"self":[{"href":"https:\/\/blogdorogeriogomes.com.br\/noticias\/wp-json\/wp\/v2\/posts\/28484","targetHints":{"allow":["GET"]}}],"collection":[{"href":"https:\/\/blogdorogeriogomes.com.br\/noticias\/wp-json\/wp\/v2\/posts"}],"about":[{"href":"https:\/\/blogdorogeriogomes.com.br\/noticias\/wp-json\/wp\/v2\/types\/post"}],"author":[{"embeddable":true,"href":"https:\/\/blogdorogeriogomes.com.br\/noticias\/wp-json\/wp\/v2\/users\/1"}],"replies":[{"embeddable":true,"href":"https:\/\/blogdorogeriogomes.com.br\/noticias\/wp-json\/wp\/v2\/comments?post=28484"}],"version-history":[{"count":2,"href":"https:\/\/blogdorogeriogomes.com.br\/noticias\/wp-json\/wp\/v2\/posts\/28484\/revisions"}],"predecessor-version":[{"id":28496,"href":"https:\/\/blogdorogeriogomes.com.br\/noticias\/wp-json\/wp\/v2\/posts\/28484\/revisions\/28496"}],"wp:featuredmedia":[{"embeddable":true,"href":"https:\/\/blogdorogeriogomes.com.br\/noticias\/wp-json\/wp\/v2\/media\/28485"}],"wp:attachment":[{"href":"https:\/\/blogdorogeriogomes.com.br\/noticias\/wp-json\/wp\/v2\/media?parent=28484"}],"wp:term":[{"taxonomy":"category","embeddable":true,"href":"https:\/\/blogdorogeriogomes.com.br\/noticias\/wp-json\/wp\/v2\/categories?post=28484"},{"taxonomy":"post_tag","embeddable":true,"href":"https:\/\/blogdorogeriogomes.com.br\/noticias\/wp-json\/wp\/v2\/tags?post=28484"}],"curies":[{"name":"wp","href":"https:\/\/api.w.org\/{rel}","templated":true}]}}