{"id":28487,"date":"2023-02-27T10:22:07","date_gmt":"2023-02-27T10:22:07","guid":{"rendered":"https:\/\/blogdorogeriogomes.com.br\/?p=28487"},"modified":"2023-02-27T12:53:45","modified_gmt":"2023-02-27T12:53:45","slug":"novo-aeroporto-de-sobral-recebe-primeiro-voo-comercial-nesta-segunda-feira","status":"publish","type":"post","link":"https:\/\/blogdorogeriogomes.com.br\/noticias\/2023\/02\/novo-aeroporto-de-sobral-recebe-primeiro-voo-comercial-nesta-segunda-feira\/","title":{"rendered":"Novo Aeroporto de Sobral recebe primeiro voo comercial nesta segunda-feira"},"content":{"rendered":"\n<p>Com a presen\u00e7a do governador Elmano de Freitas e do prefeito de Sobral, Ivo Gomes, o novo Aeroporto de Sobral recebeu o seu primeiro voo comercial na manh\u00e3 desta segunda-feira, dia 27 de fevereiro. O voo \u00e9 operado pela Azul Conecta, saiu de Fortaleza \u00e0s 5h40min e chegou \u00e0s 6h45min em Sobral. <\/p>\n\n\n\n<p>A aeronave que faz a rota Fortaleza\/Sobral \u00e9 o&nbsp;Cessna Grand Caravan, com capacidade para nove passageiros. O trecho do voo inaugural deve ficar custando na faixa de&nbsp;R$ 476 reais.<\/p>\n\n\n\n<p>A ideia \u00e9 diminuir dist\u00e2ncia e tempo entre a Capital e a Zona Norte do Cear\u00e1, al\u00e9m de facilitar as viagens a neg\u00f3cios, sa\u00fade e turismo. A frequ\u00eancia dos voos ocorrer\u00e1 tr\u00eas vezes por semana, nas segundas, quartas e sextas no sistema de ida e volta.<\/p>\n\n\n\n<p>Em Sobral, no domingo, Elmano de Freitas apresentou mais 80 novos policiais militares para refor\u00e7ar a seguran\u00e7a do munic\u00edpio e inaugurou dois Centros de Educa\u00e7\u00e3o Infantil nos distritos de Taperuaba e Aracatia\u00e7u.<br><\/p>\n\n\n\n<figure class=\"wp-block-image size-full\"><img loading=\"lazy\" decoding=\"async\" width=\"640\" height=\"480\" src=\"https:\/\/blogdorogeriogomes.com.br\/wp-content\/uploads\/2023\/02\/images-6-1.jpeg\" alt=\"\" class=\"wp-image-28488\" srcset=\"https:\/\/blogdorogeriogomes.com.br\/noticias\/wp-content\/uploads\/2023\/02\/images-6-1.jpeg 640w, https:\/\/blogdorogeriogomes.com.br\/noticias\/wp-content\/uploads\/2023\/02\/images-6-1-300x225.jpeg 300w, https:\/\/blogdorogeriogomes.com.br\/noticias\/wp-content\/uploads\/2023\/02\/images-6-1-400x300.jpeg 400w\" sizes=\"auto, (max-width: 640px) 100vw, 640px\" \/><\/figure>\n\n\n\n<p><br><\/p>\n\n\n\n<p><br><\/p>\n","protected":false},"excerpt":{"rendered":"<p>Com a presen\u00e7a do governador Elmano de Freitas e do prefeito de Sobral, Ivo Gomes, o novo Aeroporto de Sobral recebeu o seu primeiro voo comercial na manh\u00e3 desta segunda-feira, dia 27 de fevereiro. O voo \u00e9 operado pela Azul Conecta, saiu de Fortaleza \u00e0s 5h40min e chegou \u00e0s 6h45min em Sobral. A aeronave que faz a rota Fortaleza\/Sobral \u00e9 o&nbsp;Cessna Grand Caravan, com capacidade para nove passageiros. O trecho do voo inaugural deve ficar custando na faixa de&nbsp;R$&hellip;<\/p>\n","protected":false},"author":1,"featured_media":28488,"comment_status":"open","ping_status":"open","sticky":false,"template":"","format":"standard","meta":{"footnotes":""},"categories":[1],"tags":[],"class_list":["post-28487","post","type-post","status-publish","format-standard","has-post-thumbnail","hentry","category-noticias"],"_links":{"self":[{"href":"https:\/\/blogdorogeriogomes.com.br\/noticias\/wp-json\/wp\/v2\/posts\/28487","targetHints":{"allow":["GET"]}}],"collection":[{"href":"https:\/\/blogdorogeriogomes.com.br\/noticias\/wp-json\/wp\/v2\/posts"}],"about":[{"href":"https:\/\/blogdorogeriogomes.com.br\/noticias\/wp-json\/wp\/v2\/types\/post"}],"author":[{"embeddable":true,"href":"https:\/\/blogdorogeriogomes.com.br\/noticias\/wp-json\/wp\/v2\/users\/1"}],"replies":[{"embeddable":true,"href":"https:\/\/blogdorogeriogomes.com.br\/noticias\/wp-json\/wp\/v2\/comments?post=28487"}],"version-history":[{"count":2,"href":"https:\/\/blogdorogeriogomes.com.br\/noticias\/wp-json\/wp\/v2\/posts\/28487\/revisions"}],"predecessor-version":[{"id":28491,"href":"https:\/\/blogdorogeriogomes.com.br\/noticias\/wp-json\/wp\/v2\/posts\/28487\/revisions\/28491"}],"wp:featuredmedia":[{"embeddable":true,"href":"https:\/\/blogdorogeriogomes.com.br\/noticias\/wp-json\/wp\/v2\/media\/28488"}],"wp:attachment":[{"href":"https:\/\/blogdorogeriogomes.com.br\/noticias\/wp-json\/wp\/v2\/media?parent=28487"}],"wp:term":[{"taxonomy":"category","embeddable":true,"href":"https:\/\/blogdorogeriogomes.com.br\/noticias\/wp-json\/wp\/v2\/categories?post=28487"},{"taxonomy":"post_tag","embeddable":true,"href":"https:\/\/blogdorogeriogomes.com.br\/noticias\/wp-json\/wp\/v2\/tags?post=28487"}],"curies":[{"name":"wp","href":"https:\/\/api.w.org\/{rel}","templated":true}]}}