{"id":28492,"date":"2023-02-27T10:41:56","date_gmt":"2023-02-27T10:41:56","guid":{"rendered":"https:\/\/blogdorogeriogomes.com.br\/?p=28492"},"modified":"2023-02-27T12:53:39","modified_gmt":"2023-02-27T12:53:39","slug":"elmano-e-sarto-iniciam-campanha-de-reforco-na-vacinacao-contra-a-covid-19-em-fortaleza","status":"publish","type":"post","link":"https:\/\/blogdorogeriogomes.com.br\/noticias\/2023\/02\/elmano-e-sarto-iniciam-campanha-de-reforco-na-vacinacao-contra-a-covid-19-em-fortaleza\/","title":{"rendered":"Elmano e Sarto iniciam campanha de refor\u00e7o na vacina\u00e7\u00e3o contra a Covid-19 em Fortaleza"},"content":{"rendered":"\n<p>O governador do Cear\u00e1, Elmano de Freitas, e o prefeito de Fortaleza, Jos\u00e9 Sarto, lan\u00e7aram, nesta segunda-feira, dia 27, de fevereiro no posto C\u00e9sar Cals de Oliveira Filho, no Pici, em Fortaleza, a campanha de vacina\u00e7\u00e3o de refor\u00e7o contra a Covid-19 no Cear\u00e1. Na a\u00e7\u00e3o ser\u00e1 utilizado pela primeira vez o novo&nbsp;imunizante bivalente aprovado pela Ag\u00eancia Nacional de Vigil\u00e2ncia Sanit\u00e1ria (Anvisa) em novembro de 2022.&nbsp;&nbsp;<\/p>\n\n\n\n<p>Nesta primeira fase da campanha, a dose bivalente ser\u00e1 aplicada apenas em idosos com 70 anos ou mais; pessoas com a imunidade comptometida; acolhidos e trabalhadores em institui\u00e7\u00f5es de longa perman\u00eancia; ind\u00edgenas, ribeirinhos e quilombolas.&nbsp;Para receber o refor\u00e7o, \u00e9 preciso ter completado, pelo menos, o esquema prim\u00e1rio de vacina\u00e7\u00e3o com as doses monovalentes (D1+D2).<\/p>\n\n\n\n<figure class=\"wp-block-image size-full\"><img loading=\"lazy\" decoding=\"async\" width=\"818\" height=\"459\" src=\"https:\/\/blogdorogeriogomes.com.br\/wp-content\/uploads\/2023\/02\/1_vacina_bivalente_protege_contra_omicron-21236030.jpeg\" alt=\"\" class=\"wp-image-28493\" srcset=\"https:\/\/blogdorogeriogomes.com.br\/noticias\/wp-content\/uploads\/2023\/02\/1_vacina_bivalente_protege_contra_omicron-21236030.jpeg 818w, https:\/\/blogdorogeriogomes.com.br\/noticias\/wp-content\/uploads\/2023\/02\/1_vacina_bivalente_protege_contra_omicron-21236030-300x168.jpeg 300w, https:\/\/blogdorogeriogomes.com.br\/noticias\/wp-content\/uploads\/2023\/02\/1_vacina_bivalente_protege_contra_omicron-21236030-768x431.jpeg 768w, https:\/\/blogdorogeriogomes.com.br\/noticias\/wp-content\/uploads\/2023\/02\/1_vacina_bivalente_protege_contra_omicron-21236030-800x449.jpeg 800w\" sizes=\"auto, (max-width: 818px) 100vw, 818px\" \/><\/figure>\n","protected":false},"excerpt":{"rendered":"<p>O governador do Cear\u00e1, Elmano de Freitas, e o prefeito de Fortaleza, Jos\u00e9 Sarto, lan\u00e7aram, nesta segunda-feira, dia 27, de fevereiro no posto C\u00e9sar Cals de Oliveira Filho, no Pici, em Fortaleza, a campanha de vacina\u00e7\u00e3o de refor\u00e7o contra a Covid-19 no Cear\u00e1. Na a\u00e7\u00e3o ser\u00e1 utilizado pela primeira vez o novo&nbsp;imunizante bivalente aprovado pela Ag\u00eancia Nacional de Vigil\u00e2ncia Sanit\u00e1ria (Anvisa) em novembro de 2022.&nbsp;&nbsp; Nesta primeira fase da campanha, a dose bivalente ser\u00e1 aplicada apenas em idosos com&hellip;<\/p>\n","protected":false},"author":1,"featured_media":28493,"comment_status":"open","ping_status":"open","sticky":false,"template":"","format":"standard","meta":{"footnotes":""},"categories":[1],"tags":[],"class_list":["post-28492","post","type-post","status-publish","format-standard","has-post-thumbnail","hentry","category-noticias"],"_links":{"self":[{"href":"https:\/\/blogdorogeriogomes.com.br\/noticias\/wp-json\/wp\/v2\/posts\/28492","targetHints":{"allow":["GET"]}}],"collection":[{"href":"https:\/\/blogdorogeriogomes.com.br\/noticias\/wp-json\/wp\/v2\/posts"}],"about":[{"href":"https:\/\/blogdorogeriogomes.com.br\/noticias\/wp-json\/wp\/v2\/types\/post"}],"author":[{"embeddable":true,"href":"https:\/\/blogdorogeriogomes.com.br\/noticias\/wp-json\/wp\/v2\/users\/1"}],"replies":[{"embeddable":true,"href":"https:\/\/blogdorogeriogomes.com.br\/noticias\/wp-json\/wp\/v2\/comments?post=28492"}],"version-history":[{"count":2,"href":"https:\/\/blogdorogeriogomes.com.br\/noticias\/wp-json\/wp\/v2\/posts\/28492\/revisions"}],"predecessor-version":[{"id":28497,"href":"https:\/\/blogdorogeriogomes.com.br\/noticias\/wp-json\/wp\/v2\/posts\/28492\/revisions\/28497"}],"wp:featuredmedia":[{"embeddable":true,"href":"https:\/\/blogdorogeriogomes.com.br\/noticias\/wp-json\/wp\/v2\/media\/28493"}],"wp:attachment":[{"href":"https:\/\/blogdorogeriogomes.com.br\/noticias\/wp-json\/wp\/v2\/media?parent=28492"}],"wp:term":[{"taxonomy":"category","embeddable":true,"href":"https:\/\/blogdorogeriogomes.com.br\/noticias\/wp-json\/wp\/v2\/categories?post=28492"},{"taxonomy":"post_tag","embeddable":true,"href":"https:\/\/blogdorogeriogomes.com.br\/noticias\/wp-json\/wp\/v2\/tags?post=28492"}],"curies":[{"name":"wp","href":"https:\/\/api.w.org\/{rel}","templated":true}]}}