{"id":28502,"date":"2023-02-27T23:28:17","date_gmt":"2023-02-27T23:28:17","guid":{"rendered":"https:\/\/blogdorogeriogomes.com.br\/?p=28502"},"modified":"2023-02-28T12:05:08","modified_gmt":"2023-02-28T12:05:08","slug":"lula-recebe-dose-de-vacina-contra-a-covid-19-do-vice-alckmin-e-incentiva-populacao-a-voltar-a-se-imunizar","status":"publish","type":"post","link":"https:\/\/blogdorogeriogomes.com.br\/noticias\/2023\/02\/lula-recebe-dose-de-vacina-contra-a-covid-19-do-vice-alckmin-e-incentiva-populacao-a-voltar-a-se-imunizar\/","title":{"rendered":"Lula recebe dose de vacina contra a Covid-19 do vice Alckmin e incentiva popula\u00e7\u00e3o a voltar a se imunizar"},"content":{"rendered":"\n<p>Diferentemente de como sempre fez o ex-presidente Jair Bolsonaro em todo o seu mandato, o presidente Lula (PT) tomou \u00e0 frente da campanha da dose de refor\u00e7o da vacina bivalente contra a Covid-19. Lula recebeu uma dose da vacina de refor\u00e7o aplicada pelo vice-presidente, Geraldo Alckmin&nbsp;(PSB), que \u00e9 m\u00e9dico.<\/p>\n\n\n\n<p>A dose de refor\u00e7o tomada por Lula ocorreu em ato de lan\u00e7amento da Mobiliza\u00e7\u00e3o Nacional pela Vacina\u00e7\u00e3o. A iniciativa prev\u00ea a\u00e7\u00f5es para ampliar as coberturas de todas as vacinas dispon\u00edveis no Sistema \u00danico de Sa\u00fade (SUS).<\/p>\n\n\n\n<p>Durante quatro anos de negacionismo no Governo Bolsonaro, \u00e9 hora de voltar a incentivar a popula\u00e7\u00e3o a voltar a se imunizar n\u00e3o s\u00f3 contra Covid-19, como tamb\u00e9m contra outras doen\u00e7as. Segundo o Minist\u00e9rio da Sa\u00fade, caiu o \u00edndice de ades\u00e3o \u00e0s vacinas contra todas as doen\u00e7as por causa da campanha contr\u00e1ria comandada pelo bolsonarismo n\u00f3s \u00faltimos quatro anos.<\/p>\n\n\n\n<figure class=\"wp-block-image size-full\"><img loading=\"lazy\" decoding=\"async\" width=\"1024\" height=\"804\" src=\"https:\/\/blogdorogeriogomes.com.br\/wp-content\/uploads\/2023\/02\/IMG-20230227-WA0164.jpg\" alt=\"\" class=\"wp-image-28503\" srcset=\"https:\/\/blogdorogeriogomes.com.br\/noticias\/wp-content\/uploads\/2023\/02\/IMG-20230227-WA0164.jpg 1024w, https:\/\/blogdorogeriogomes.com.br\/noticias\/wp-content\/uploads\/2023\/02\/IMG-20230227-WA0164-300x236.jpg 300w, https:\/\/blogdorogeriogomes.com.br\/noticias\/wp-content\/uploads\/2023\/02\/IMG-20230227-WA0164-768x603.jpg 768w, https:\/\/blogdorogeriogomes.com.br\/noticias\/wp-content\/uploads\/2023\/02\/IMG-20230227-WA0164-800x628.jpg 800w\" sizes=\"auto, (max-width: 1024px) 100vw, 1024px\" \/><\/figure>\n","protected":false},"excerpt":{"rendered":"<p>Diferentemente de como sempre fez o ex-presidente Jair Bolsonaro em todo o seu mandato, o presidente Lula (PT) tomou \u00e0 frente da campanha da dose de refor\u00e7o da vacina bivalente contra a Covid-19. Lula recebeu uma dose da vacina de refor\u00e7o aplicada pelo vice-presidente, Geraldo Alckmin&nbsp;(PSB), que \u00e9 m\u00e9dico. A dose de refor\u00e7o tomada por Lula ocorreu em ato de lan\u00e7amento da Mobiliza\u00e7\u00e3o Nacional pela Vacina\u00e7\u00e3o. A iniciativa prev\u00ea a\u00e7\u00f5es para ampliar as coberturas de todas as vacinas dispon\u00edveis&hellip;<\/p>\n","protected":false},"author":1,"featured_media":28503,"comment_status":"open","ping_status":"open","sticky":false,"template":"","format":"standard","meta":{"footnotes":""},"categories":[1],"tags":[],"class_list":["post-28502","post","type-post","status-publish","format-standard","has-post-thumbnail","hentry","category-noticias"],"_links":{"self":[{"href":"https:\/\/blogdorogeriogomes.com.br\/noticias\/wp-json\/wp\/v2\/posts\/28502","targetHints":{"allow":["GET"]}}],"collection":[{"href":"https:\/\/blogdorogeriogomes.com.br\/noticias\/wp-json\/wp\/v2\/posts"}],"about":[{"href":"https:\/\/blogdorogeriogomes.com.br\/noticias\/wp-json\/wp\/v2\/types\/post"}],"author":[{"embeddable":true,"href":"https:\/\/blogdorogeriogomes.com.br\/noticias\/wp-json\/wp\/v2\/users\/1"}],"replies":[{"embeddable":true,"href":"https:\/\/blogdorogeriogomes.com.br\/noticias\/wp-json\/wp\/v2\/comments?post=28502"}],"version-history":[{"count":2,"href":"https:\/\/blogdorogeriogomes.com.br\/noticias\/wp-json\/wp\/v2\/posts\/28502\/revisions"}],"predecessor-version":[{"id":28508,"href":"https:\/\/blogdorogeriogomes.com.br\/noticias\/wp-json\/wp\/v2\/posts\/28502\/revisions\/28508"}],"wp:featuredmedia":[{"embeddable":true,"href":"https:\/\/blogdorogeriogomes.com.br\/noticias\/wp-json\/wp\/v2\/media\/28503"}],"wp:attachment":[{"href":"https:\/\/blogdorogeriogomes.com.br\/noticias\/wp-json\/wp\/v2\/media?parent=28502"}],"wp:term":[{"taxonomy":"category","embeddable":true,"href":"https:\/\/blogdorogeriogomes.com.br\/noticias\/wp-json\/wp\/v2\/categories?post=28502"},{"taxonomy":"post_tag","embeddable":true,"href":"https:\/\/blogdorogeriogomes.com.br\/noticias\/wp-json\/wp\/v2\/tags?post=28502"}],"curies":[{"name":"wp","href":"https:\/\/api.w.org\/{rel}","templated":true}]}}