{"id":28505,"date":"2023-02-28T10:56:00","date_gmt":"2023-02-28T10:56:00","guid":{"rendered":"https:\/\/blogdorogeriogomes.com.br\/?p=28505"},"modified":"2023-02-28T12:04:56","modified_gmt":"2023-02-28T12:04:56","slug":"governo-do-ceara-propoe-gestao-compartilhada-do-parque-de-jericoacoara-apos-suspensao-do-edital-de-concessao","status":"publish","type":"post","link":"https:\/\/blogdorogeriogomes.com.br\/noticias\/2023\/02\/governo-do-ceara-propoe-gestao-compartilhada-do-parque-de-jericoacoara-apos-suspensao-do-edital-de-concessao\/","title":{"rendered":"Governo do Cear\u00e1 prop\u00f5e gest\u00e3o compartilhada do Parque de Jericoacoara ap\u00f3s suspens\u00e3o do edital de concess\u00e3o"},"content":{"rendered":"\n<p>Depois de conseguir a suspens\u00e3o do edital de concorr\u00eancia que prev\u00ea a concess\u00e3o do Parque Nacional de Jericoacoara \u00e0 iniciativa privada, o governador do Cear\u00e1, Elmano de Freitas, est\u00e1 propondo que o parque venha a ter uma gest\u00e3o compartilhada. A interrup\u00e7\u00e3o foi anunciada no \u00faltimo fim de semana pelo Banco Nacional de Desenvolvimento Econ\u00f4mico e Social (BNDES), ap\u00f3s of\u00edcio enviado pelo governador no m\u00eas passado.<\/p>\n\n\n\n<p>A ideia de privatizar o Parque Nacional de Jericoacoara partiu do Governo Bolsonaro, contra a vontade dos ex-governadores Camilo Santana e Izolda Cela. <\/p>\n\n\n\n<p>\u201cQueremos fazer mais investimento. N\u00f3s temos uma compensa\u00e7\u00e3o ambiental de uma usina de g\u00e1s natural que vai se instalar no Cear\u00e1 e queremos pegar parte desse recurso e aplicar absolutamente na melhoria do Parque Nacional de Jericoacoara. Estamos falando de algo em torno de R$ 15 milh\u00f5es\u201d, observou Elmano.<\/p>\n\n\n\n<p>O investimento, na avalia\u00e7\u00e3o do chefe do Executivo cearense, al\u00e9m de beneficiar turistas e visitantes, vai garantir melhorias aos que moram e trabalham na Vila de Jericoacoara.<\/p>\n\n\n\n<figure class=\"wp-block-image size-full\"><img loading=\"lazy\" decoding=\"async\" width=\"989\" height=\"660\" src=\"https:\/\/blogdorogeriogomes.com.br\/wp-content\/uploads\/2023\/02\/pedra_furada.jpg\" alt=\"\" class=\"wp-image-28506\" srcset=\"https:\/\/blogdorogeriogomes.com.br\/noticias\/wp-content\/uploads\/2023\/02\/pedra_furada.jpg 989w, https:\/\/blogdorogeriogomes.com.br\/noticias\/wp-content\/uploads\/2023\/02\/pedra_furada-300x200.jpg 300w, https:\/\/blogdorogeriogomes.com.br\/noticias\/wp-content\/uploads\/2023\/02\/pedra_furada-768x513.jpg 768w, https:\/\/blogdorogeriogomes.com.br\/noticias\/wp-content\/uploads\/2023\/02\/pedra_furada-800x534.jpg 800w\" sizes=\"auto, (max-width: 989px) 100vw, 989px\" \/><\/figure>\n","protected":false},"excerpt":{"rendered":"<p>Depois de conseguir a suspens\u00e3o do edital de concorr\u00eancia que prev\u00ea a concess\u00e3o do Parque Nacional de Jericoacoara \u00e0 iniciativa privada, o governador do Cear\u00e1, Elmano de Freitas, est\u00e1 propondo que o parque venha a ter uma gest\u00e3o compartilhada. A interrup\u00e7\u00e3o foi anunciada no \u00faltimo fim de semana pelo Banco Nacional de Desenvolvimento Econ\u00f4mico e Social (BNDES), ap\u00f3s of\u00edcio enviado pelo governador no m\u00eas passado. A ideia de privatizar o Parque Nacional de Jericoacoara partiu do Governo Bolsonaro, contra&hellip;<\/p>\n","protected":false},"author":1,"featured_media":28506,"comment_status":"open","ping_status":"open","sticky":false,"template":"","format":"standard","meta":{"footnotes":""},"categories":[1],"tags":[],"class_list":["post-28505","post","type-post","status-publish","format-standard","has-post-thumbnail","hentry","category-noticias"],"_links":{"self":[{"href":"https:\/\/blogdorogeriogomes.com.br\/noticias\/wp-json\/wp\/v2\/posts\/28505","targetHints":{"allow":["GET"]}}],"collection":[{"href":"https:\/\/blogdorogeriogomes.com.br\/noticias\/wp-json\/wp\/v2\/posts"}],"about":[{"href":"https:\/\/blogdorogeriogomes.com.br\/noticias\/wp-json\/wp\/v2\/types\/post"}],"author":[{"embeddable":true,"href":"https:\/\/blogdorogeriogomes.com.br\/noticias\/wp-json\/wp\/v2\/users\/1"}],"replies":[{"embeddable":true,"href":"https:\/\/blogdorogeriogomes.com.br\/noticias\/wp-json\/wp\/v2\/comments?post=28505"}],"version-history":[{"count":1,"href":"https:\/\/blogdorogeriogomes.com.br\/noticias\/wp-json\/wp\/v2\/posts\/28505\/revisions"}],"predecessor-version":[{"id":28507,"href":"https:\/\/blogdorogeriogomes.com.br\/noticias\/wp-json\/wp\/v2\/posts\/28505\/revisions\/28507"}],"wp:featuredmedia":[{"embeddable":true,"href":"https:\/\/blogdorogeriogomes.com.br\/noticias\/wp-json\/wp\/v2\/media\/28506"}],"wp:attachment":[{"href":"https:\/\/blogdorogeriogomes.com.br\/noticias\/wp-json\/wp\/v2\/media?parent=28505"}],"wp:term":[{"taxonomy":"category","embeddable":true,"href":"https:\/\/blogdorogeriogomes.com.br\/noticias\/wp-json\/wp\/v2\/categories?post=28505"},{"taxonomy":"post_tag","embeddable":true,"href":"https:\/\/blogdorogeriogomes.com.br\/noticias\/wp-json\/wp\/v2\/tags?post=28505"}],"curies":[{"name":"wp","href":"https:\/\/api.w.org\/{rel}","templated":true}]}}