{"id":28510,"date":"2023-02-28T13:45:40","date_gmt":"2023-02-28T13:45:40","guid":{"rendered":"https:\/\/blogdorogeriogomes.com.br\/?p=28510"},"modified":"2023-03-03T14:12:07","modified_gmt":"2023-03-03T14:12:07","slug":"arena-castelao-esta-pronta-para-voltar-a-receber-jogos-oficiais-nesta-semana","status":"publish","type":"post","link":"https:\/\/blogdorogeriogomes.com.br\/noticias\/2023\/02\/arena-castelao-esta-pronta-para-voltar-a-receber-jogos-oficiais-nesta-semana\/","title":{"rendered":"Arena Castel\u00e3o est\u00e1 pronta para voltar a receber jogos oficiais nesta semana"},"content":{"rendered":"\n<p>Dois jogos reabrem a Arena Castel\u00e3o para o torcedor nesta semana. O Fortaleza recebe o Deportivo Maldonado, na quinta-feira, dia 2 de mar\u00e7o, pela Copa Libertadores,e depois enfrenta o Cear\u00e1 pelo Campeonato do Nordeste, no domingo, dia 5 de mar\u00e7o.<\/p>\n\n\n\n<p>Nesta ter\u00e7a-feira, dia 28 de fevereiro, o governador Elmano de Freitas acompanhado da equipe t\u00e9cnica fez a \u00faltima vistoria no novo gramado que foi totalmente recuperado para jogos oficiais.<\/p>\n\n\n\n<p>O gramado da Arena Castel\u00e3o foi trocado e teve a capacidade de drenagem duplicada para suportar fortes chuvas. A recupera\u00e7\u00e3o do est\u00e1dio teve in\u00edcio em 14 de novembro do ano passado. Enquanto isso, Cear\u00e1, Fortaleza e Ferrovi\u00e1rio ficaram jogando no est\u00e1dio Presidente Vargas.<\/p>\n\n\n\n<figure class=\"wp-block-image size-large\"><img loading=\"lazy\" decoding=\"async\" width=\"1024\" height=\"576\" src=\"https:\/\/blogdorogeriogomes.com.br\/wp-content\/uploads\/2023\/02\/WhatsApp-Image-2023-02-28-at-08.23.39-1024x576.jpeg\" alt=\"\" class=\"wp-image-28511\" srcset=\"https:\/\/blogdorogeriogomes.com.br\/noticias\/wp-content\/uploads\/2023\/02\/WhatsApp-Image-2023-02-28-at-08.23.39-1024x576.jpeg 1024w, https:\/\/blogdorogeriogomes.com.br\/noticias\/wp-content\/uploads\/2023\/02\/WhatsApp-Image-2023-02-28-at-08.23.39-300x169.jpeg 300w, https:\/\/blogdorogeriogomes.com.br\/noticias\/wp-content\/uploads\/2023\/02\/WhatsApp-Image-2023-02-28-at-08.23.39-768x432.jpeg 768w, https:\/\/blogdorogeriogomes.com.br\/noticias\/wp-content\/uploads\/2023\/02\/WhatsApp-Image-2023-02-28-at-08.23.39-1536x864.jpeg 1536w, https:\/\/blogdorogeriogomes.com.br\/noticias\/wp-content\/uploads\/2023\/02\/WhatsApp-Image-2023-02-28-at-08.23.39-800x450.jpeg 800w, https:\/\/blogdorogeriogomes.com.br\/noticias\/wp-content\/uploads\/2023\/02\/WhatsApp-Image-2023-02-28-at-08.23.39.jpeg 1600w\" sizes=\"auto, (max-width: 1024px) 100vw, 1024px\" \/><\/figure>\n","protected":false},"excerpt":{"rendered":"<p>Dois jogos reabrem a Arena Castel\u00e3o para o torcedor nesta semana. O Fortaleza recebe o Deportivo Maldonado, na quinta-feira, dia 2 de mar\u00e7o, pela Copa Libertadores,e depois enfrenta o Cear\u00e1 pelo Campeonato do Nordeste, no domingo, dia 5 de mar\u00e7o. Nesta ter\u00e7a-feira, dia 28 de fevereiro, o governador Elmano de Freitas acompanhado da equipe t\u00e9cnica fez a \u00faltima vistoria no novo gramado que foi totalmente recuperado para jogos oficiais. O gramado da Arena Castel\u00e3o foi trocado e teve a&hellip;<\/p>\n","protected":false},"author":1,"featured_media":28511,"comment_status":"open","ping_status":"open","sticky":false,"template":"","format":"standard","meta":{"footnotes":""},"categories":[1],"tags":[],"class_list":["post-28510","post","type-post","status-publish","format-standard","has-post-thumbnail","hentry","category-noticias"],"_links":{"self":[{"href":"https:\/\/blogdorogeriogomes.com.br\/noticias\/wp-json\/wp\/v2\/posts\/28510","targetHints":{"allow":["GET"]}}],"collection":[{"href":"https:\/\/blogdorogeriogomes.com.br\/noticias\/wp-json\/wp\/v2\/posts"}],"about":[{"href":"https:\/\/blogdorogeriogomes.com.br\/noticias\/wp-json\/wp\/v2\/types\/post"}],"author":[{"embeddable":true,"href":"https:\/\/blogdorogeriogomes.com.br\/noticias\/wp-json\/wp\/v2\/users\/1"}],"replies":[{"embeddable":true,"href":"https:\/\/blogdorogeriogomes.com.br\/noticias\/wp-json\/wp\/v2\/comments?post=28510"}],"version-history":[{"count":1,"href":"https:\/\/blogdorogeriogomes.com.br\/noticias\/wp-json\/wp\/v2\/posts\/28510\/revisions"}],"predecessor-version":[{"id":28512,"href":"https:\/\/blogdorogeriogomes.com.br\/noticias\/wp-json\/wp\/v2\/posts\/28510\/revisions\/28512"}],"wp:featuredmedia":[{"embeddable":true,"href":"https:\/\/blogdorogeriogomes.com.br\/noticias\/wp-json\/wp\/v2\/media\/28511"}],"wp:attachment":[{"href":"https:\/\/blogdorogeriogomes.com.br\/noticias\/wp-json\/wp\/v2\/media?parent=28510"}],"wp:term":[{"taxonomy":"category","embeddable":true,"href":"https:\/\/blogdorogeriogomes.com.br\/noticias\/wp-json\/wp\/v2\/categories?post=28510"},{"taxonomy":"post_tag","embeddable":true,"href":"https:\/\/blogdorogeriogomes.com.br\/noticias\/wp-json\/wp\/v2\/tags?post=28510"}],"curies":[{"name":"wp","href":"https:\/\/api.w.org\/{rel}","templated":true}]}}