{"id":28513,"date":"2023-02-28T14:38:29","date_gmt":"2023-02-28T14:38:29","guid":{"rendered":"https:\/\/blogdorogeriogomes.com.br\/?p=28513"},"modified":"2023-03-03T14:12:04","modified_gmt":"2023-03-03T14:12:04","slug":"escola-do-parlamento-da-camara-municipal-de-fortaleza-formaliza-acordos-de-cooperacao-tecnica-com-entidades-para-capacitacao","status":"publish","type":"post","link":"https:\/\/blogdorogeriogomes.com.br\/noticias\/2023\/02\/escola-do-parlamento-da-camara-municipal-de-fortaleza-formaliza-acordos-de-cooperacao-tecnica-com-entidades-para-capacitacao\/","title":{"rendered":"Escola do Parlamento da C\u00e2mara Municipal de Fortaleza formaliza acordos de coopera\u00e7\u00e3o t\u00e9cnica com entidades para capacita\u00e7\u00e3o"},"content":{"rendered":"\n<p>A Escola do Parlamento da C\u00e2mara Municipal de Fortaleza formalizou, nesta ter\u00e7a-feira, dia 28 de fevereiro, acordos de coopera\u00e7\u00e3o t\u00e9cnica com entidades estaduais e nacionais para capacita\u00e7\u00e3o.<\/p>\n\n\n\n<p>O evento realizado no plen\u00e1rio serviu para que a Escola do Parlamento da C\u00e2mara Municipal de Fortaleza se filiasse a Associa\u00e7\u00e3o Brasileira das Escolas Legislativas e de Contas. Foram formalizados acordos de coopera\u00e7\u00e3o t\u00e9cnica com outras entidades parceiras, como Tribunal de Contas do Estado, Assembleia Legislativa e Senado Federal, que v\u00e3o possibilitar interc\u00e2mbio de informa\u00e7\u00f5es e capacita\u00e7\u00e3o de servidores, segundo Ticiana Mota Sales, coordenadora da Escola do Parlamento.<\/p>\n\n\n\n<p>Para os vereadores de Fortaleza , a parceria com outras entidades vai promover o aperfei\u00e7oamento das atividades legislativas atrav\u00e9s de eventos educativos de forma\u00e7\u00e3o, capacita\u00e7\u00e3o e qualifica\u00e7\u00e3o de servidores da administra\u00e7\u00e3o p\u00fablica.<\/p>\n\n\n\n<p>&#8220;A exemplo da Assembleia Legislativa do Cear\u00e1, a C\u00e2mara Municipal de Fortaleza tamb\u00e9m passa a contar de forma efetiva com a Escola do Parlamento. Com mais capacita\u00e7\u00e3o, a ideia \u00e9 melhorar ainda mais a produ\u00e7\u00e3o legislativa&#8221;, destacou Gardel Rolim, presidente da C\u00e2mara Municipal de Fortaleza.<\/p>\n\n\n\n<figure class=\"wp-block-image size-large\"><img loading=\"lazy\" decoding=\"async\" width=\"1024\" height=\"768\" src=\"https:\/\/blogdorogeriogomes.com.br\/wp-content\/uploads\/2023\/02\/IMG_20230228_110059164-1024x768.jpg\" alt=\"\" class=\"wp-image-28514\" srcset=\"https:\/\/blogdorogeriogomes.com.br\/noticias\/wp-content\/uploads\/2023\/02\/IMG_20230228_110059164-1024x768.jpg 1024w, https:\/\/blogdorogeriogomes.com.br\/noticias\/wp-content\/uploads\/2023\/02\/IMG_20230228_110059164-300x225.jpg 300w, https:\/\/blogdorogeriogomes.com.br\/noticias\/wp-content\/uploads\/2023\/02\/IMG_20230228_110059164-768x576.jpg 768w, https:\/\/blogdorogeriogomes.com.br\/noticias\/wp-content\/uploads\/2023\/02\/IMG_20230228_110059164-1536x1152.jpg 1536w, https:\/\/blogdorogeriogomes.com.br\/noticias\/wp-content\/uploads\/2023\/02\/IMG_20230228_110059164-2048x1536.jpg 2048w, https:\/\/blogdorogeriogomes.com.br\/noticias\/wp-content\/uploads\/2023\/02\/IMG_20230228_110059164-800x600.jpg 800w, https:\/\/blogdorogeriogomes.com.br\/noticias\/wp-content\/uploads\/2023\/02\/IMG_20230228_110059164-400x300.jpg 400w\" sizes=\"auto, (max-width: 1024px) 100vw, 1024px\" \/><\/figure>\n","protected":false},"excerpt":{"rendered":"<p>A Escola do Parlamento da C\u00e2mara Municipal de Fortaleza formalizou, nesta ter\u00e7a-feira, dia 28 de fevereiro, acordos de coopera\u00e7\u00e3o t\u00e9cnica com entidades estaduais e nacionais para capacita\u00e7\u00e3o. O evento realizado no plen\u00e1rio serviu para que a Escola do Parlamento da C\u00e2mara Municipal de Fortaleza se filiasse a Associa\u00e7\u00e3o Brasileira das Escolas Legislativas e de Contas. Foram formalizados acordos de coopera\u00e7\u00e3o t\u00e9cnica com outras entidades parceiras, como Tribunal de Contas do Estado, Assembleia Legislativa e Senado Federal, que v\u00e3o possibilitar&hellip;<\/p>\n","protected":false},"author":1,"featured_media":28514,"comment_status":"open","ping_status":"open","sticky":false,"template":"","format":"standard","meta":{"footnotes":""},"categories":[1],"tags":[],"class_list":["post-28513","post","type-post","status-publish","format-standard","has-post-thumbnail","hentry","category-noticias"],"_links":{"self":[{"href":"https:\/\/blogdorogeriogomes.com.br\/noticias\/wp-json\/wp\/v2\/posts\/28513","targetHints":{"allow":["GET"]}}],"collection":[{"href":"https:\/\/blogdorogeriogomes.com.br\/noticias\/wp-json\/wp\/v2\/posts"}],"about":[{"href":"https:\/\/blogdorogeriogomes.com.br\/noticias\/wp-json\/wp\/v2\/types\/post"}],"author":[{"embeddable":true,"href":"https:\/\/blogdorogeriogomes.com.br\/noticias\/wp-json\/wp\/v2\/users\/1"}],"replies":[{"embeddable":true,"href":"https:\/\/blogdorogeriogomes.com.br\/noticias\/wp-json\/wp\/v2\/comments?post=28513"}],"version-history":[{"count":1,"href":"https:\/\/blogdorogeriogomes.com.br\/noticias\/wp-json\/wp\/v2\/posts\/28513\/revisions"}],"predecessor-version":[{"id":28515,"href":"https:\/\/blogdorogeriogomes.com.br\/noticias\/wp-json\/wp\/v2\/posts\/28513\/revisions\/28515"}],"wp:featuredmedia":[{"embeddable":true,"href":"https:\/\/blogdorogeriogomes.com.br\/noticias\/wp-json\/wp\/v2\/media\/28514"}],"wp:attachment":[{"href":"https:\/\/blogdorogeriogomes.com.br\/noticias\/wp-json\/wp\/v2\/media?parent=28513"}],"wp:term":[{"taxonomy":"category","embeddable":true,"href":"https:\/\/blogdorogeriogomes.com.br\/noticias\/wp-json\/wp\/v2\/categories?post=28513"},{"taxonomy":"post_tag","embeddable":true,"href":"https:\/\/blogdorogeriogomes.com.br\/noticias\/wp-json\/wp\/v2\/tags?post=28513"}],"curies":[{"name":"wp","href":"https:\/\/api.w.org\/{rel}","templated":true}]}}