{"id":28519,"date":"2023-03-01T00:28:45","date_gmt":"2023-03-01T00:28:45","guid":{"rendered":"https:\/\/blogdorogeriogomes.com.br\/?p=28519"},"modified":"2023-03-03T14:11:34","modified_gmt":"2023-03-03T14:11:34","slug":"deputado-estadual-fernando-santana-protocola-cpi-da-enel-na-assembleia-com-46-assinaturas","status":"publish","type":"post","link":"https:\/\/blogdorogeriogomes.com.br\/noticias\/2023\/03\/deputado-estadual-fernando-santana-protocola-cpi-da-enel-na-assembleia-com-46-assinaturas\/","title":{"rendered":"Deputado estadual Fernando Santana protocola CPI da Enel na Assembleia com 46 assinaturas"},"content":{"rendered":"\n<p>O deputado estadual Fernando Santana (PT) deu entrada nesta ter\u00e7a-feira, dia 28 de fevereiro, no pedido de instala\u00e7\u00e3o da CPI da Enel na Assembleia Legislativa do Cear\u00e1, com o objetivo de investigar as den\u00fancias de mau servi\u00e7o da distribuidora de energia el\u00e9trica no Estado.<\/p>\n\n\n\n<p>Fernando Santana conseguiu a assinatura dos 46 deputados estaduais para instaurar a CPI, incluindo parlamentares da situa\u00e7\u00e3o e oposi\u00e7\u00e3o. Agora, para que a Comiss\u00e3o Parlamentar de Inqu\u00e9rito possa funcionar,  \u00e9 necess\u00e1rio que o pedido seja analisado pela Procuradoria da Assembleia e pela Mesa Diretora da Casa.<\/p>\n\n\n\n<p>Diante de tantas den\u00fancias, a Enel j\u00e1 manifestou o desejo de sair do Estado. A distribuidora de energia el\u00e9trica pode ser repassada para outro grupo.<\/p>\n\n\n\n<p>Em tempo: o deputado estadual Fernando Santana, que \u00e9 1\u00b0 vice-presidente da Assembleia Legislativa, deve pedir licen\u00e7a por 120 dias do seu mandato. Quem vai passar esse per\u00edodo na vaga dele como deputado estadual \u00e9 o vereador de Fortaleza, Guilherme Sampaio (PT), que \u00e9 o primeiro suplente da legenda.<\/p>\n\n\n\n<figure class=\"wp-block-image size-full\"><img loading=\"lazy\" decoding=\"async\" width=\"678\" height=\"452\" src=\"https:\/\/blogdorogeriogomes.com.br\/wp-content\/uploads\/2023\/03\/images-7.jpeg\" alt=\"\" class=\"wp-image-28520\" srcset=\"https:\/\/blogdorogeriogomes.com.br\/noticias\/wp-content\/uploads\/2023\/03\/images-7.jpeg 678w, https:\/\/blogdorogeriogomes.com.br\/noticias\/wp-content\/uploads\/2023\/03\/images-7-300x200.jpeg 300w\" sizes=\"auto, (max-width: 678px) 100vw, 678px\" \/><\/figure>\n\n\n\n<p><\/p>\n","protected":false},"excerpt":{"rendered":"<p>O deputado estadual Fernando Santana (PT) deu entrada nesta ter\u00e7a-feira, dia 28 de fevereiro, no pedido de instala\u00e7\u00e3o da CPI da Enel na Assembleia Legislativa do Cear\u00e1, com o objetivo de investigar as den\u00fancias de mau servi\u00e7o da distribuidora de energia el\u00e9trica no Estado. Fernando Santana conseguiu a assinatura dos 46 deputados estaduais para instaurar a CPI, incluindo parlamentares da situa\u00e7\u00e3o e oposi\u00e7\u00e3o. Agora, para que a Comiss\u00e3o Parlamentar de Inqu\u00e9rito possa funcionar, \u00e9 necess\u00e1rio que o pedido seja&hellip;<\/p>\n","protected":false},"author":1,"featured_media":28520,"comment_status":"open","ping_status":"open","sticky":false,"template":"","format":"standard","meta":{"footnotes":""},"categories":[1],"tags":[],"class_list":["post-28519","post","type-post","status-publish","format-standard","has-post-thumbnail","hentry","category-noticias"],"_links":{"self":[{"href":"https:\/\/blogdorogeriogomes.com.br\/noticias\/wp-json\/wp\/v2\/posts\/28519","targetHints":{"allow":["GET"]}}],"collection":[{"href":"https:\/\/blogdorogeriogomes.com.br\/noticias\/wp-json\/wp\/v2\/posts"}],"about":[{"href":"https:\/\/blogdorogeriogomes.com.br\/noticias\/wp-json\/wp\/v2\/types\/post"}],"author":[{"embeddable":true,"href":"https:\/\/blogdorogeriogomes.com.br\/noticias\/wp-json\/wp\/v2\/users\/1"}],"replies":[{"embeddable":true,"href":"https:\/\/blogdorogeriogomes.com.br\/noticias\/wp-json\/wp\/v2\/comments?post=28519"}],"version-history":[{"count":1,"href":"https:\/\/blogdorogeriogomes.com.br\/noticias\/wp-json\/wp\/v2\/posts\/28519\/revisions"}],"predecessor-version":[{"id":28521,"href":"https:\/\/blogdorogeriogomes.com.br\/noticias\/wp-json\/wp\/v2\/posts\/28519\/revisions\/28521"}],"wp:featuredmedia":[{"embeddable":true,"href":"https:\/\/blogdorogeriogomes.com.br\/noticias\/wp-json\/wp\/v2\/media\/28520"}],"wp:attachment":[{"href":"https:\/\/blogdorogeriogomes.com.br\/noticias\/wp-json\/wp\/v2\/media?parent=28519"}],"wp:term":[{"taxonomy":"category","embeddable":true,"href":"https:\/\/blogdorogeriogomes.com.br\/noticias\/wp-json\/wp\/v2\/categories?post=28519"},{"taxonomy":"post_tag","embeddable":true,"href":"https:\/\/blogdorogeriogomes.com.br\/noticias\/wp-json\/wp\/v2\/tags?post=28519"}],"curies":[{"name":"wp","href":"https:\/\/api.w.org\/{rel}","templated":true}]}}