{"id":28525,"date":"2023-03-01T11:16:14","date_gmt":"2023-03-01T11:16:14","guid":{"rendered":"https:\/\/blogdorogeriogomes.com.br\/?p=28525"},"modified":"2023-03-03T14:11:17","modified_gmt":"2023-03-03T14:11:17","slug":"elmano-e-camilo-levam-reivindicacoes-a-ministra-da-saude-para-ampliar-servicos-de-saude-em-hospitais-do-interior-do-ceara","status":"publish","type":"post","link":"https:\/\/blogdorogeriogomes.com.br\/noticias\/2023\/03\/elmano-e-camilo-levam-reivindicacoes-a-ministra-da-saude-para-ampliar-servicos-de-saude-em-hospitais-do-interior-do-ceara\/","title":{"rendered":"Elmano e Camilo levam reivindica\u00e7\u00f5es \u00e0 ministra da Sa\u00fade para ampliar servi\u00e7os de sa\u00fade em hospitais do interior do Cear\u00e1"},"content":{"rendered":"\n<p>O governador do Cear\u00e1, Elmano de Freitas, teve uma audi\u00eancia com a ministra da Sa\u00fade, N\u00edsia Trindade, em Bras\u00edlia. O ex-governador e senador Camilo Santana, que hoje \u00e9 ministro da Educa\u00e7\u00e3o, participou do encontro que teve o objetivo de explicar \u00e0 ministra como est\u00e1 estruturada a rede estadual de sa\u00fade no Cear\u00e1 e os investimentos que foram feitos nos \u00faltimos anos.<\/p>\n\n\n\n<p>Segundo Elmano de Freitas, foi tratado uma parceria com o Governo Federal para ampliar os servi\u00e7os oferecidos pelos hospitais regionais no interior, assim como as estrat\u00e9gias para implantar o tratamento contra o c\u00e2ncer nessas unidades.<\/p>\n\n\n\n<p>O ex-governador Camilo Santana participou da reuni\u00e3o porque foi um dos respons\u00e1veis pelo processo de interioriza\u00e7\u00e3o da sa\u00fade no Cear\u00e1 e ajudou a tra\u00e7ar um diagn\u00f3stico sobre a situa\u00e7\u00e3o do setor no Estado. A secret\u00e1ria estadual da Sa\u00fade, T\u00e2nia Mara Coelho, tamb\u00e9m esteve presente ao encontro.<\/p>\n\n\n\n<figure class=\"wp-block-image size-full\"><img loading=\"lazy\" decoding=\"async\" width=\"1024\" height=\"683\" src=\"https:\/\/blogdorogeriogomes.com.br\/wp-content\/uploads\/2023\/03\/IMG-20230301-WA0024.jpg\" alt=\"\" class=\"wp-image-28526\" srcset=\"https:\/\/blogdorogeriogomes.com.br\/noticias\/wp-content\/uploads\/2023\/03\/IMG-20230301-WA0024.jpg 1024w, https:\/\/blogdorogeriogomes.com.br\/noticias\/wp-content\/uploads\/2023\/03\/IMG-20230301-WA0024-300x200.jpg 300w, https:\/\/blogdorogeriogomes.com.br\/noticias\/wp-content\/uploads\/2023\/03\/IMG-20230301-WA0024-768x512.jpg 768w, https:\/\/blogdorogeriogomes.com.br\/noticias\/wp-content\/uploads\/2023\/03\/IMG-20230301-WA0024-800x534.jpg 800w\" sizes=\"auto, (max-width: 1024px) 100vw, 1024px\" \/><\/figure>\n","protected":false},"excerpt":{"rendered":"<p>O governador do Cear\u00e1, Elmano de Freitas, teve uma audi\u00eancia com a ministra da Sa\u00fade, N\u00edsia Trindade, em Bras\u00edlia. O ex-governador e senador Camilo Santana, que hoje \u00e9 ministro da Educa\u00e7\u00e3o, participou do encontro que teve o objetivo de explicar \u00e0 ministra como est\u00e1 estruturada a rede estadual de sa\u00fade no Cear\u00e1 e os investimentos que foram feitos nos \u00faltimos anos. Segundo Elmano de Freitas, foi tratado uma parceria com o Governo Federal para ampliar os servi\u00e7os oferecidos pelos&hellip;<\/p>\n","protected":false},"author":1,"featured_media":28526,"comment_status":"open","ping_status":"open","sticky":false,"template":"","format":"standard","meta":{"footnotes":""},"categories":[1],"tags":[],"class_list":["post-28525","post","type-post","status-publish","format-standard","has-post-thumbnail","hentry","category-noticias"],"_links":{"self":[{"href":"https:\/\/blogdorogeriogomes.com.br\/noticias\/wp-json\/wp\/v2\/posts\/28525","targetHints":{"allow":["GET"]}}],"collection":[{"href":"https:\/\/blogdorogeriogomes.com.br\/noticias\/wp-json\/wp\/v2\/posts"}],"about":[{"href":"https:\/\/blogdorogeriogomes.com.br\/noticias\/wp-json\/wp\/v2\/types\/post"}],"author":[{"embeddable":true,"href":"https:\/\/blogdorogeriogomes.com.br\/noticias\/wp-json\/wp\/v2\/users\/1"}],"replies":[{"embeddable":true,"href":"https:\/\/blogdorogeriogomes.com.br\/noticias\/wp-json\/wp\/v2\/comments?post=28525"}],"version-history":[{"count":1,"href":"https:\/\/blogdorogeriogomes.com.br\/noticias\/wp-json\/wp\/v2\/posts\/28525\/revisions"}],"predecessor-version":[{"id":28527,"href":"https:\/\/blogdorogeriogomes.com.br\/noticias\/wp-json\/wp\/v2\/posts\/28525\/revisions\/28527"}],"wp:featuredmedia":[{"embeddable":true,"href":"https:\/\/blogdorogeriogomes.com.br\/noticias\/wp-json\/wp\/v2\/media\/28526"}],"wp:attachment":[{"href":"https:\/\/blogdorogeriogomes.com.br\/noticias\/wp-json\/wp\/v2\/media?parent=28525"}],"wp:term":[{"taxonomy":"category","embeddable":true,"href":"https:\/\/blogdorogeriogomes.com.br\/noticias\/wp-json\/wp\/v2\/categories?post=28525"},{"taxonomy":"post_tag","embeddable":true,"href":"https:\/\/blogdorogeriogomes.com.br\/noticias\/wp-json\/wp\/v2\/tags?post=28525"}],"curies":[{"name":"wp","href":"https:\/\/api.w.org\/{rel}","templated":true}]}}