{"id":28532,"date":"2023-03-01T23:51:06","date_gmt":"2023-03-01T23:51:06","guid":{"rendered":"https:\/\/blogdorogeriogomes.com.br\/?p=28532"},"modified":"2023-03-03T14:11:02","modified_gmt":"2023-03-03T14:11:02","slug":"comissoes-tecnicas-da-assembleia-legislativa-do-ceara-tem-seus-membros-definidos-pela-mesa-diretora","status":"publish","type":"post","link":"https:\/\/blogdorogeriogomes.com.br\/noticias\/2023\/03\/comissoes-tecnicas-da-assembleia-legislativa-do-ceara-tem-seus-membros-definidos-pela-mesa-diretora\/","title":{"rendered":"Comiss\u00f5es t\u00e9cnicas da Assembleia Legislativa do Cear\u00e1 t\u00eam seus membros definidos pela Mesa Diretora"},"content":{"rendered":"\n<p>As comiss\u00f5es t\u00e9cnicas da Assembleia Legislativa do Cear\u00e1 est\u00e3o com os seus membros definidos. O presidente da Assembleia Legislativa, Evandro Leit\u00e3o (PDT), apresentou nesta quarta-feira, dia 1\u00b0 de mar\u00e7o, a composi\u00e7\u00e3o das 17 comiss\u00f5es permanentes da Casa. As comiss\u00f5es j\u00e1 devem iniciar seus trabalhos na pr\u00f3xima semana. <\/p>\n\n\n\n<p>Evandro Leit\u00e3o disse que buscou contemplar todos os partidos e os desejos dos deputados por atuar nas \u00e1reas em que tenham maior afinidade. Ele recomendou que os membros titulares e os suplentes se re\u00fanam at\u00e9 a pr\u00f3xima segunda-feira, dia 6, para definir os nomes dos presidentes e vice-presidentes das comiss\u00f5es.&nbsp;<\/p>\n\n\n\n<p>Foram criadas duas novas comiss\u00f5es: a de Turismo e Servi\u00e7os e a Comiss\u00e3o de Prote\u00e7\u00e3o Social e Combate \u00e0 Fome. J\u00e1 a antiga Comiss\u00e3o de Ind\u00fastria, Com\u00e9rcio, Turismo e Servi\u00e7os, agora ser\u00e1 Comiss\u00e3o de Ind\u00fastria, Desenvolvimento Econ\u00f4mico e Com\u00e9rcio.<\/p>\n\n\n\n<p>De acordo com o presidente Evandro Leit\u00e3o, a escolha do Conselho de \u00c9tica da Assembleia Legislativa tamb\u00e9m ser\u00e1 submetida ao Plen\u00e1rio, em vota\u00e7\u00e3o secreta, nesta quinta-feira, dia 2.&nbsp;<\/p>\n\n\n\n<p>Houve ainda mudan\u00e7as na Mesa Diretora. Com a licen\u00e7a do 1\u00ba vice-presidente da Assembleia, deputado Fernando Santana (PT), quem assume o cargo \u00e9 o 2\u00ba vice-presidente, deputado Osmar Baquit (PDT). A 2\u00aa vice-presid\u00eancia passar\u00e1 a ser ocupada pelo deputado David Durand (Republicanos).<\/p>\n\n\n\n<figure class=\"wp-block-image size-large\"><img loading=\"lazy\" decoding=\"async\" width=\"1024\" height=\"683\" src=\"https:\/\/blogdorogeriogomes.com.br\/wp-content\/uploads\/2023\/03\/OXfYsXmcxkB2YP27umsfiJYf2CKscWB6RUHSsVfA-1024x683.jpg\" alt=\"\" class=\"wp-image-28533\" srcset=\"https:\/\/blogdorogeriogomes.com.br\/noticias\/wp-content\/uploads\/2023\/03\/OXfYsXmcxkB2YP27umsfiJYf2CKscWB6RUHSsVfA-1024x683.jpg 1024w, https:\/\/blogdorogeriogomes.com.br\/noticias\/wp-content\/uploads\/2023\/03\/OXfYsXmcxkB2YP27umsfiJYf2CKscWB6RUHSsVfA-300x200.jpg 300w, https:\/\/blogdorogeriogomes.com.br\/noticias\/wp-content\/uploads\/2023\/03\/OXfYsXmcxkB2YP27umsfiJYf2CKscWB6RUHSsVfA-768x512.jpg 768w, https:\/\/blogdorogeriogomes.com.br\/noticias\/wp-content\/uploads\/2023\/03\/OXfYsXmcxkB2YP27umsfiJYf2CKscWB6RUHSsVfA-1536x1024.jpg 1536w, https:\/\/blogdorogeriogomes.com.br\/noticias\/wp-content\/uploads\/2023\/03\/OXfYsXmcxkB2YP27umsfiJYf2CKscWB6RUHSsVfA-2048x1365.jpg 2048w, https:\/\/blogdorogeriogomes.com.br\/noticias\/wp-content\/uploads\/2023\/03\/OXfYsXmcxkB2YP27umsfiJYf2CKscWB6RUHSsVfA-800x533.jpg 800w\" sizes=\"auto, (max-width: 1024px) 100vw, 1024px\" \/><\/figure>\n","protected":false},"excerpt":{"rendered":"<p>As comiss\u00f5es t\u00e9cnicas da Assembleia Legislativa do Cear\u00e1 est\u00e3o com os seus membros definidos. O presidente da Assembleia Legislativa, Evandro Leit\u00e3o (PDT), apresentou nesta quarta-feira, dia 1\u00b0 de mar\u00e7o, a composi\u00e7\u00e3o das 17 comiss\u00f5es permanentes da Casa. As comiss\u00f5es j\u00e1 devem iniciar seus trabalhos na pr\u00f3xima semana. Evandro Leit\u00e3o disse que buscou contemplar todos os partidos e os desejos dos deputados por atuar nas \u00e1reas em que tenham maior afinidade. Ele recomendou que os membros titulares e os suplentes&hellip;<\/p>\n","protected":false},"author":1,"featured_media":28533,"comment_status":"open","ping_status":"open","sticky":false,"template":"","format":"standard","meta":{"footnotes":""},"categories":[1],"tags":[],"class_list":["post-28532","post","type-post","status-publish","format-standard","has-post-thumbnail","hentry","category-noticias"],"_links":{"self":[{"href":"https:\/\/blogdorogeriogomes.com.br\/noticias\/wp-json\/wp\/v2\/posts\/28532","targetHints":{"allow":["GET"]}}],"collection":[{"href":"https:\/\/blogdorogeriogomes.com.br\/noticias\/wp-json\/wp\/v2\/posts"}],"about":[{"href":"https:\/\/blogdorogeriogomes.com.br\/noticias\/wp-json\/wp\/v2\/types\/post"}],"author":[{"embeddable":true,"href":"https:\/\/blogdorogeriogomes.com.br\/noticias\/wp-json\/wp\/v2\/users\/1"}],"replies":[{"embeddable":true,"href":"https:\/\/blogdorogeriogomes.com.br\/noticias\/wp-json\/wp\/v2\/comments?post=28532"}],"version-history":[{"count":2,"href":"https:\/\/blogdorogeriogomes.com.br\/noticias\/wp-json\/wp\/v2\/posts\/28532\/revisions"}],"predecessor-version":[{"id":28560,"href":"https:\/\/blogdorogeriogomes.com.br\/noticias\/wp-json\/wp\/v2\/posts\/28532\/revisions\/28560"}],"wp:featuredmedia":[{"embeddable":true,"href":"https:\/\/blogdorogeriogomes.com.br\/noticias\/wp-json\/wp\/v2\/media\/28533"}],"wp:attachment":[{"href":"https:\/\/blogdorogeriogomes.com.br\/noticias\/wp-json\/wp\/v2\/media?parent=28532"}],"wp:term":[{"taxonomy":"category","embeddable":true,"href":"https:\/\/blogdorogeriogomes.com.br\/noticias\/wp-json\/wp\/v2\/categories?post=28532"},{"taxonomy":"post_tag","embeddable":true,"href":"https:\/\/blogdorogeriogomes.com.br\/noticias\/wp-json\/wp\/v2\/tags?post=28532"}],"curies":[{"name":"wp","href":"https:\/\/api.w.org\/{rel}","templated":true}]}}