{"id":28535,"date":"2023-03-02T00:21:30","date_gmt":"2023-03-02T00:21:30","guid":{"rendered":"https:\/\/blogdorogeriogomes.com.br\/?p=28535"},"modified":"2023-03-03T14:10:54","modified_gmt":"2023-03-03T14:10:54","slug":"critica-de-cid-gomes-a-jose-sarto-gera-reacao-na-camara-municipal-e-aprofunda-racha-no-pdt","status":"publish","type":"post","link":"https:\/\/blogdorogeriogomes.com.br\/noticias\/2023\/03\/critica-de-cid-gomes-a-jose-sarto-gera-reacao-na-camara-municipal-e-aprofunda-racha-no-pdt\/","title":{"rendered":"Cr\u00edtica de Cid Gomes a Jos\u00e9 Sarto gera rea\u00e7\u00e3o na C\u00e2mara Municipal e aprofunda racha no PDT"},"content":{"rendered":"\n<p>A fala do senador Cid Gomes (PDT) ao podcast &#8220;As Cunh\u00e3s&#8221; esta semana continua gerando repercuss\u00e3o. Primeiro, o senador relatou o seu posicionamento de ter se mantido afastado na campanha de 2022 quando o PDT optou por lan\u00e7ar o ex-prefeito Roberto Cl\u00e1udio ao Governo do Estado. Cid era defensor da candidatura da ex-governadora Izolda Cela. O senador pedetista disse que o irm\u00e3o Ciro Gomes &#8220;fez pol\u00edtica com o f\u00edgado&#8221;, enquanto Roberto Cl\u00e1udio &#8220;exagerou na ambi\u00e7\u00e3o&#8221; de se tornar governador.<\/p>\n\n\n\n<p>Mas as falas de Cid Gomes tamb\u00e9m atingiram a administra\u00e7\u00e3o do pedetista Jos\u00e9 Sarto, em Fortaleza, causando rea\u00e7\u00e3o da bancada governista na C\u00e2mara Municipal de Fortaleza. Cid disse j\u00e1 ter sugerido a Sarto que as a\u00e7\u00f5es da Prefeitura precisam se estender mais \u00e0 periferia da Capital. &#8220;As coisas n\u00e3o podem ficar s\u00f3 na Aldeota&#8221;, observou o senador.<\/p>\n\n\n\n<p>Vereadores de Fortaleza como Carlos Mesquita, l\u00edder do prefeito na C\u00e2mara, e L\u00facio Bruno, ligados ao grupo pol\u00edtico de Roberto Cl\u00e1udio, resolveram criticar as declara\u00e7\u00f5es de Cid Gomes. Para eles, o posicionamento do senador \u00e9 injusto com o que a administra\u00e7\u00e3o municipal j\u00e1 fez por bairros da periferia de Fortaleza. Mesquita questionou: \u201cos Centros de Educa\u00e7\u00e3o Infantil e Areninhas foram todos na Aldeota? Os terminais do Z\u00e9 Walter e na Washington Soares foram transferidos para a Aldeota? O Cuca do Pici tamb\u00e9m foi para a Aldeota?\u201d. <\/p>\n\n\n\n<p>O l\u00edder do prefeito Sarto ainda enfatizou que as cr\u00edticas de Cid s\u00f3 servem para aprofundar o racha dentro do PDT, que hoje se encontra dividido em apoiar ou n\u00e3o o governador Elmano de Freitas (PT) em n\u00edvel estadual. Sequelas ainda da campanha eleitoral de 2022.<br><\/p>\n\n\n\n<figure class=\"wp-block-image size-full\"><img loading=\"lazy\" decoding=\"async\" width=\"500\" height=\"435\" src=\"https:\/\/blogdorogeriogomes.com.br\/wp-content\/uploads\/2023\/03\/images-3.jpeg\" alt=\"\" class=\"wp-image-28536\" srcset=\"https:\/\/blogdorogeriogomes.com.br\/noticias\/wp-content\/uploads\/2023\/03\/images-3.jpeg 500w, https:\/\/blogdorogeriogomes.com.br\/noticias\/wp-content\/uploads\/2023\/03\/images-3-300x261.jpeg 300w\" sizes=\"auto, (max-width: 500px) 100vw, 500px\" \/><\/figure>\n","protected":false},"excerpt":{"rendered":"<p>A fala do senador Cid Gomes (PDT) ao podcast &#8220;As Cunh\u00e3s&#8221; esta semana continua gerando repercuss\u00e3o. Primeiro, o senador relatou o seu posicionamento de ter se mantido afastado na campanha de 2022 quando o PDT optou por lan\u00e7ar o ex-prefeito Roberto Cl\u00e1udio ao Governo do Estado. Cid era defensor da candidatura da ex-governadora Izolda Cela. O senador pedetista disse que o irm\u00e3o Ciro Gomes &#8220;fez pol\u00edtica com o f\u00edgado&#8221;, enquanto Roberto Cl\u00e1udio &#8220;exagerou na ambi\u00e7\u00e3o&#8221; de se tornar governador.&hellip;<\/p>\n","protected":false},"author":1,"featured_media":28536,"comment_status":"open","ping_status":"open","sticky":false,"template":"","format":"standard","meta":{"footnotes":""},"categories":[1],"tags":[],"class_list":["post-28535","post","type-post","status-publish","format-standard","has-post-thumbnail","hentry","category-noticias"],"_links":{"self":[{"href":"https:\/\/blogdorogeriogomes.com.br\/noticias\/wp-json\/wp\/v2\/posts\/28535","targetHints":{"allow":["GET"]}}],"collection":[{"href":"https:\/\/blogdorogeriogomes.com.br\/noticias\/wp-json\/wp\/v2\/posts"}],"about":[{"href":"https:\/\/blogdorogeriogomes.com.br\/noticias\/wp-json\/wp\/v2\/types\/post"}],"author":[{"embeddable":true,"href":"https:\/\/blogdorogeriogomes.com.br\/noticias\/wp-json\/wp\/v2\/users\/1"}],"replies":[{"embeddable":true,"href":"https:\/\/blogdorogeriogomes.com.br\/noticias\/wp-json\/wp\/v2\/comments?post=28535"}],"version-history":[{"count":1,"href":"https:\/\/blogdorogeriogomes.com.br\/noticias\/wp-json\/wp\/v2\/posts\/28535\/revisions"}],"predecessor-version":[{"id":28537,"href":"https:\/\/blogdorogeriogomes.com.br\/noticias\/wp-json\/wp\/v2\/posts\/28535\/revisions\/28537"}],"wp:featuredmedia":[{"embeddable":true,"href":"https:\/\/blogdorogeriogomes.com.br\/noticias\/wp-json\/wp\/v2\/media\/28536"}],"wp:attachment":[{"href":"https:\/\/blogdorogeriogomes.com.br\/noticias\/wp-json\/wp\/v2\/media?parent=28535"}],"wp:term":[{"taxonomy":"category","embeddable":true,"href":"https:\/\/blogdorogeriogomes.com.br\/noticias\/wp-json\/wp\/v2\/categories?post=28535"},{"taxonomy":"post_tag","embeddable":true,"href":"https:\/\/blogdorogeriogomes.com.br\/noticias\/wp-json\/wp\/v2\/tags?post=28535"}],"curies":[{"name":"wp","href":"https:\/\/api.w.org\/{rel}","templated":true}]}}