{"id":28538,"date":"2023-03-02T10:46:41","date_gmt":"2023-03-02T10:46:41","guid":{"rendered":"https:\/\/blogdorogeriogomes.com.br\/?p=28538"},"modified":"2023-03-03T14:10:45","modified_gmt":"2023-03-03T14:10:45","slug":"lula-anuncia-novo-bolsa-familia-com-700-mil-pessoas-contempladas-que-estavam-fora-do-cadastro","status":"publish","type":"post","link":"https:\/\/blogdorogeriogomes.com.br\/noticias\/2023\/03\/lula-anuncia-novo-bolsa-familia-com-700-mil-pessoas-contempladas-que-estavam-fora-do-cadastro\/","title":{"rendered":"Lula anuncia novo Bolsa Fam\u00edlia com 700 mil pessoas contempladas que estavam fora do cadastro"},"content":{"rendered":"\n<p>O presidente Luiz In\u00e1cio&nbsp;Lula da Silva assina nesta quinta-feira, dia 2 de mar\u00e7o, a Medida Provis\u00f3ria que institui o novo Bolsa Fam\u00edlia. <\/p>\n\n\n\n<p>De acordo com o Governo Federal, os valores do programa ser\u00e3o pelo menos&nbsp;R$ 600&nbsp;por fam\u00edlia; R$ 150&nbsp;adicionais para cada crian\u00e7a de at\u00e9 6 anos e R$ 50&nbsp;adicionais para crian\u00e7as com mais de 7 anos e jovens com menos de 18 anos.<\/p>\n\n\n\n<p>Cerca de 700 mil fam\u00edlias que t\u00eam direito ao benef\u00edcio e estavam de fora do programa v\u00e3o passar a ser contempladas. Elas v\u00e3o ocupar o espa\u00e7o deixando por benefici\u00e1rios que v\u00e3o sair do Bolsa Fam\u00edlia, ap\u00f3s o governo ter identificado que havia pagamentos para pessoas que n\u00e3o se encaixavam nos crit\u00e9rios.<\/p>\n\n\n\n<figure class=\"wp-block-image size-large\"><img loading=\"lazy\" decoding=\"async\" width=\"1024\" height=\"576\" src=\"https:\/\/blogdorogeriogomes.com.br\/wp-content\/uploads\/2023\/03\/4-rafael-lampert-zart-agencia-brasil-1024x576.jpg\" alt=\"\" class=\"wp-image-28539\" srcset=\"https:\/\/blogdorogeriogomes.com.br\/noticias\/wp-content\/uploads\/2023\/03\/4-rafael-lampert-zart-agencia-brasil-1024x576.jpg 1024w, https:\/\/blogdorogeriogomes.com.br\/noticias\/wp-content\/uploads\/2023\/03\/4-rafael-lampert-zart-agencia-brasil-300x169.jpg 300w, https:\/\/blogdorogeriogomes.com.br\/noticias\/wp-content\/uploads\/2023\/03\/4-rafael-lampert-zart-agencia-brasil-768x432.jpg 768w, https:\/\/blogdorogeriogomes.com.br\/noticias\/wp-content\/uploads\/2023\/03\/4-rafael-lampert-zart-agencia-brasil-800x450.jpg 800w, https:\/\/blogdorogeriogomes.com.br\/noticias\/wp-content\/uploads\/2023\/03\/4-rafael-lampert-zart-agencia-brasil.jpg 1080w\" sizes=\"auto, (max-width: 1024px) 100vw, 1024px\" \/><\/figure>\n","protected":false},"excerpt":{"rendered":"<p>O presidente Luiz In\u00e1cio&nbsp;Lula da Silva assina nesta quinta-feira, dia 2 de mar\u00e7o, a Medida Provis\u00f3ria que institui o novo Bolsa Fam\u00edlia. De acordo com o Governo Federal, os valores do programa ser\u00e3o pelo menos&nbsp;R$ 600&nbsp;por fam\u00edlia; R$ 150&nbsp;adicionais para cada crian\u00e7a de at\u00e9 6 anos e R$ 50&nbsp;adicionais para crian\u00e7as com mais de 7 anos e jovens com menos de 18 anos. Cerca de 700 mil fam\u00edlias que t\u00eam direito ao benef\u00edcio e estavam de fora do programa&hellip;<\/p>\n","protected":false},"author":1,"featured_media":28539,"comment_status":"open","ping_status":"open","sticky":false,"template":"","format":"standard","meta":{"footnotes":""},"categories":[1],"tags":[],"class_list":["post-28538","post","type-post","status-publish","format-standard","has-post-thumbnail","hentry","category-noticias"],"_links":{"self":[{"href":"https:\/\/blogdorogeriogomes.com.br\/noticias\/wp-json\/wp\/v2\/posts\/28538","targetHints":{"allow":["GET"]}}],"collection":[{"href":"https:\/\/blogdorogeriogomes.com.br\/noticias\/wp-json\/wp\/v2\/posts"}],"about":[{"href":"https:\/\/blogdorogeriogomes.com.br\/noticias\/wp-json\/wp\/v2\/types\/post"}],"author":[{"embeddable":true,"href":"https:\/\/blogdorogeriogomes.com.br\/noticias\/wp-json\/wp\/v2\/users\/1"}],"replies":[{"embeddable":true,"href":"https:\/\/blogdorogeriogomes.com.br\/noticias\/wp-json\/wp\/v2\/comments?post=28538"}],"version-history":[{"count":2,"href":"https:\/\/blogdorogeriogomes.com.br\/noticias\/wp-json\/wp\/v2\/posts\/28538\/revisions"}],"predecessor-version":[{"id":28559,"href":"https:\/\/blogdorogeriogomes.com.br\/noticias\/wp-json\/wp\/v2\/posts\/28538\/revisions\/28559"}],"wp:featuredmedia":[{"embeddable":true,"href":"https:\/\/blogdorogeriogomes.com.br\/noticias\/wp-json\/wp\/v2\/media\/28539"}],"wp:attachment":[{"href":"https:\/\/blogdorogeriogomes.com.br\/noticias\/wp-json\/wp\/v2\/media?parent=28538"}],"wp:term":[{"taxonomy":"category","embeddable":true,"href":"https:\/\/blogdorogeriogomes.com.br\/noticias\/wp-json\/wp\/v2\/categories?post=28538"},{"taxonomy":"post_tag","embeddable":true,"href":"https:\/\/blogdorogeriogomes.com.br\/noticias\/wp-json\/wp\/v2\/tags?post=28538"}],"curies":[{"name":"wp","href":"https:\/\/api.w.org\/{rel}","templated":true}]}}