{"id":28547,"date":"2023-03-03T00:50:16","date_gmt":"2023-03-03T00:50:16","guid":{"rendered":"https:\/\/blogdorogeriogomes.com.br\/?p=28547"},"modified":"2023-03-03T14:12:17","modified_gmt":"2023-03-03T14:12:17","slug":"presidente-lula-reafirma-que-ministros-envolvidos-em-irregularidades-vao-deixar-o-governo","status":"publish","type":"post","link":"https:\/\/blogdorogeriogomes.com.br\/noticias\/2023\/03\/presidente-lula-reafirma-que-ministros-envolvidos-em-irregularidades-vao-deixar-o-governo\/","title":{"rendered":"Presidente Lula reafirma que ministros envolvidos em irregularidades v\u00e3o deixar o governo\u00a0"},"content":{"rendered":"\n<p>O presidente Lula (PT) deu uma entrevista exclusiva ao jornalista Reinaldo Azevedo, do Grupo Bandeirantes, nesta quinta-feira, dia 2 de mar\u00e7o, em Bras\u00edlia, onde reafirmou que ministros envolvidos em irregularidades v\u00e3o deixar o governo. Lula se referia ao ministro das Comunica\u00e7\u00f5es, Juscelino Filho, que est\u00e1 envolvido em suspeitas que v\u00e3o de oculta\u00e7\u00e3o de patrim\u00f4nio ao uso de or\u00e7amento secreto para beneficiar uma propriedade da fam\u00edlia.<\/p>\n\n\n\n<p>Lula tamb\u00e9m disse que a mesma a condi\u00e7\u00e3o imposta a Juscelino tamb\u00e9m se aplica \u00e0 ministra do Turismo, Daniela Carneiro, acusada de ter rela\u00e7\u00e3o com milicianos. &#8220;Se n\u00e3o provar inoc\u00eancia, sai do governo&#8221;, disse Lula.<\/p>\n\n\n\n<p>Na entrevista, o presidente da Rep\u00fablica afirmou que pode indicar o advogado Cristiano Zanin Martins para uma vaga no Supremo Tribunal Federal (STF). O ministro Ricardo Lewandowski se aposenta em maio deste ano, abrindo uma vaga na Suprema Corte.<\/p>\n\n\n\n<p>Sobre a crise com o Banco Central, Lula voltou a criticar a atua\u00e7\u00e3o do presidente Roberto Campos Neto, por causa das altas taxas de juros. Lula disse: &#8220;Ora, por que que esse cidad\u00e3o, que n\u00e3o foi eleito para nada, ele acha que ele tem o poder de decidir as coisas e ainda &#8216;vou pensar como posso ajudar o Brasil&#8217;. N\u00e3o, voc\u00ea n\u00e3o tem que pensar em como ajudar o Brasil, voc\u00ea s\u00f3 tem que pensar como reduzir a taxa de juros para que esse pa\u00eds volte a ter cr\u00e9dito, para economia voltar a funcionar, \u00e9 isso que tem que fazer&#8221;.<\/p>\n\n\n\n<figure class=\"wp-block-image size-full\"><img loading=\"lazy\" decoding=\"async\" width=\"739\" height=\"415\" src=\"https:\/\/blogdorogeriogomes.com.br\/wp-content\/uploads\/2023\/03\/images-9.jpeg\" alt=\"\" class=\"wp-image-28548\" srcset=\"https:\/\/blogdorogeriogomes.com.br\/noticias\/wp-content\/uploads\/2023\/03\/images-9.jpeg 739w, https:\/\/blogdorogeriogomes.com.br\/noticias\/wp-content\/uploads\/2023\/03\/images-9-300x168.jpeg 300w\" sizes=\"auto, (max-width: 739px) 100vw, 739px\" \/><\/figure>\n","protected":false},"excerpt":{"rendered":"<p>O presidente Lula (PT) deu uma entrevista exclusiva ao jornalista Reinaldo Azevedo, do Grupo Bandeirantes, nesta quinta-feira, dia 2 de mar\u00e7o, em Bras\u00edlia, onde reafirmou que ministros envolvidos em irregularidades v\u00e3o deixar o governo. Lula se referia ao ministro das Comunica\u00e7\u00f5es, Juscelino Filho, que est\u00e1 envolvido em suspeitas que v\u00e3o de oculta\u00e7\u00e3o de patrim\u00f4nio ao uso de or\u00e7amento secreto para beneficiar uma propriedade da fam\u00edlia. Lula tamb\u00e9m disse que a mesma a condi\u00e7\u00e3o imposta a Juscelino tamb\u00e9m se aplica&hellip;<\/p>\n","protected":false},"author":1,"featured_media":28548,"comment_status":"open","ping_status":"open","sticky":false,"template":"","format":"standard","meta":{"footnotes":""},"categories":[1],"tags":[],"class_list":["post-28547","post","type-post","status-publish","format-standard","has-post-thumbnail","hentry","category-noticias"],"_links":{"self":[{"href":"https:\/\/blogdorogeriogomes.com.br\/noticias\/wp-json\/wp\/v2\/posts\/28547","targetHints":{"allow":["GET"]}}],"collection":[{"href":"https:\/\/blogdorogeriogomes.com.br\/noticias\/wp-json\/wp\/v2\/posts"}],"about":[{"href":"https:\/\/blogdorogeriogomes.com.br\/noticias\/wp-json\/wp\/v2\/types\/post"}],"author":[{"embeddable":true,"href":"https:\/\/blogdorogeriogomes.com.br\/noticias\/wp-json\/wp\/v2\/users\/1"}],"replies":[{"embeddable":true,"href":"https:\/\/blogdorogeriogomes.com.br\/noticias\/wp-json\/wp\/v2\/comments?post=28547"}],"version-history":[{"count":1,"href":"https:\/\/blogdorogeriogomes.com.br\/noticias\/wp-json\/wp\/v2\/posts\/28547\/revisions"}],"predecessor-version":[{"id":28549,"href":"https:\/\/blogdorogeriogomes.com.br\/noticias\/wp-json\/wp\/v2\/posts\/28547\/revisions\/28549"}],"wp:featuredmedia":[{"embeddable":true,"href":"https:\/\/blogdorogeriogomes.com.br\/noticias\/wp-json\/wp\/v2\/media\/28548"}],"wp:attachment":[{"href":"https:\/\/blogdorogeriogomes.com.br\/noticias\/wp-json\/wp\/v2\/media?parent=28547"}],"wp:term":[{"taxonomy":"category","embeddable":true,"href":"https:\/\/blogdorogeriogomes.com.br\/noticias\/wp-json\/wp\/v2\/categories?post=28547"},{"taxonomy":"post_tag","embeddable":true,"href":"https:\/\/blogdorogeriogomes.com.br\/noticias\/wp-json\/wp\/v2\/tags?post=28547"}],"curies":[{"name":"wp","href":"https:\/\/api.w.org\/{rel}","templated":true}]}}