{"id":28553,"date":"2023-03-03T10:27:50","date_gmt":"2023-03-03T10:27:50","guid":{"rendered":"https:\/\/blogdorogeriogomes.com.br\/?p=28553"},"modified":"2023-03-03T14:10:05","modified_gmt":"2023-03-03T14:10:05","slug":"aneel-propoe-aumento-de-362-na-tarifa-da-energia-eletrica-no-ceara","status":"publish","type":"post","link":"https:\/\/blogdorogeriogomes.com.br\/noticias\/2023\/03\/aneel-propoe-aumento-de-362-na-tarifa-da-energia-eletrica-no-ceara\/","title":{"rendered":"Aneel prop\u00f5e aumento de 3,62% na tarifa da energia el\u00e9trica no Cear\u00e1"},"content":{"rendered":"\n<p>A Ag\u00eancia Nacional de Energia El\u00e9trica (Aneel) prop\u00f4s um aumento de 3,62% na conta de luz residencial no Cear\u00e1 em 2023. A proposta de revis\u00e3o tarif\u00e1ria peri\u00f3dica da Enel est\u00e1 em an\u00e1lise em meio \u00e0s cr\u00edticas ao servi\u00e7o prestado pela distribuidora no Cear\u00e1.<\/p>\n\n\n\n<p>A proposta apresentada pela ag\u00eancia reguladora prev\u00ea tamb\u00e9m reajuste de 4,47% para consumidores de baixa tens\u00e3o e redu\u00e7\u00e3o de 3,74% na tarifa de consumidores de alta tens\u00e3o (ind\u00fastria). O efeito m\u00e9dio ao consumidor \u00e9 estimado em 2,28%.<br><\/p>\n\n\n\n<figure class=\"wp-block-image size-full\"><img loading=\"lazy\" decoding=\"async\" width=\"783\" height=\"391\" src=\"https:\/\/blogdorogeriogomes.com.br\/wp-content\/uploads\/2023\/03\/images-10.jpeg\" alt=\"\" class=\"wp-image-28554\" srcset=\"https:\/\/blogdorogeriogomes.com.br\/noticias\/wp-content\/uploads\/2023\/03\/images-10.jpeg 783w, https:\/\/blogdorogeriogomes.com.br\/noticias\/wp-content\/uploads\/2023\/03\/images-10-300x150.jpeg 300w, https:\/\/blogdorogeriogomes.com.br\/noticias\/wp-content\/uploads\/2023\/03\/images-10-768x384.jpeg 768w\" sizes=\"auto, (max-width: 783px) 100vw, 783px\" \/><\/figure>\n","protected":false},"excerpt":{"rendered":"<p>A Ag\u00eancia Nacional de Energia El\u00e9trica (Aneel) prop\u00f4s um aumento de 3,62% na conta de luz residencial no Cear\u00e1 em 2023. A proposta de revis\u00e3o tarif\u00e1ria peri\u00f3dica da Enel est\u00e1 em an\u00e1lise em meio \u00e0s cr\u00edticas ao servi\u00e7o prestado pela distribuidora no Cear\u00e1. A proposta apresentada pela ag\u00eancia reguladora prev\u00ea tamb\u00e9m reajuste de 4,47% para consumidores de baixa tens\u00e3o e redu\u00e7\u00e3o de 3,74% na tarifa de consumidores de alta tens\u00e3o (ind\u00fastria). O efeito m\u00e9dio ao consumidor \u00e9 estimado em&hellip;<\/p>\n","protected":false},"author":1,"featured_media":28554,"comment_status":"open","ping_status":"open","sticky":false,"template":"","format":"standard","meta":{"footnotes":""},"categories":[1],"tags":[],"class_list":["post-28553","post","type-post","status-publish","format-standard","has-post-thumbnail","hentry","category-noticias"],"_links":{"self":[{"href":"https:\/\/blogdorogeriogomes.com.br\/noticias\/wp-json\/wp\/v2\/posts\/28553","targetHints":{"allow":["GET"]}}],"collection":[{"href":"https:\/\/blogdorogeriogomes.com.br\/noticias\/wp-json\/wp\/v2\/posts"}],"about":[{"href":"https:\/\/blogdorogeriogomes.com.br\/noticias\/wp-json\/wp\/v2\/types\/post"}],"author":[{"embeddable":true,"href":"https:\/\/blogdorogeriogomes.com.br\/noticias\/wp-json\/wp\/v2\/users\/1"}],"replies":[{"embeddable":true,"href":"https:\/\/blogdorogeriogomes.com.br\/noticias\/wp-json\/wp\/v2\/comments?post=28553"}],"version-history":[{"count":1,"href":"https:\/\/blogdorogeriogomes.com.br\/noticias\/wp-json\/wp\/v2\/posts\/28553\/revisions"}],"predecessor-version":[{"id":28555,"href":"https:\/\/blogdorogeriogomes.com.br\/noticias\/wp-json\/wp\/v2\/posts\/28553\/revisions\/28555"}],"wp:featuredmedia":[{"embeddable":true,"href":"https:\/\/blogdorogeriogomes.com.br\/noticias\/wp-json\/wp\/v2\/media\/28554"}],"wp:attachment":[{"href":"https:\/\/blogdorogeriogomes.com.br\/noticias\/wp-json\/wp\/v2\/media?parent=28553"}],"wp:term":[{"taxonomy":"category","embeddable":true,"href":"https:\/\/blogdorogeriogomes.com.br\/noticias\/wp-json\/wp\/v2\/categories?post=28553"},{"taxonomy":"post_tag","embeddable":true,"href":"https:\/\/blogdorogeriogomes.com.br\/noticias\/wp-json\/wp\/v2\/tags?post=28553"}],"curies":[{"name":"wp","href":"https:\/\/api.w.org\/{rel}","templated":true}]}}