{"id":28571,"date":"2023-03-06T20:49:02","date_gmt":"2023-03-06T20:49:02","guid":{"rendered":"https:\/\/blogdorogeriogomes.com.br\/?p=28571"},"modified":"2023-03-06T21:55:33","modified_gmt":"2023-03-06T21:55:33","slug":"nova-fabrica-da-ypioca-diageo-vai-gerar-400-empregos-diretos-em-itaitinga","status":"publish","type":"post","link":"https:\/\/blogdorogeriogomes.com.br\/noticias\/2023\/03\/nova-fabrica-da-ypioca-diageo-vai-gerar-400-empregos-diretos-em-itaitinga\/","title":{"rendered":"Nova f\u00e1brica da Ypi\u00f3ca\/Diageo vai gerar 400 empregos diretos em Itaitinga"},"content":{"rendered":"\n<p>O governador Elmano de Freitas inaugurou nesta segunda-feira, dia 6 de mar\u00e7o, a nova f\u00e1brica da Ypi\u00f3ca\/Diageo, em Itatinga, na Regi\u00e3o Metropolitana de Fortaleza, com a gera\u00e7\u00e3o de 400 empregos diretos.<br>A solenidade de inaugura\u00e7\u00e3o teve a presen\u00e7a de Elmano de Freitas e de outras autoridades estaduais. A Diageo \u00e9 l\u00edder mundial na fabrica\u00e7\u00e3o de bebidas alco\u00f3licas. A f\u00e1brica tem capacidade de produzir 12 milh\u00f5es de caixas de nove litros por ano. O investimento na unidade de Itaitinga, na Regi\u00e3o Metropolitana de Fortaleza, foi de 250 milh\u00f5es de reais, com a gera\u00e7\u00e3o de 400 empregos diretos.<br>O governador Elmano de Freitas ressaltou que a meta do Governo do Estado \u00e9 tra\u00e7ar parcerias com a iniciativa privada para gerar mais empregos, principalmente, no interior do Cear\u00e1.<\/p>\n\n\n\n<figure class=\"wp-block-image size-large\"><img loading=\"lazy\" decoding=\"async\" width=\"1024\" height=\"768\" src=\"https:\/\/blogdorogeriogomes.com.br\/wp-content\/uploads\/2023\/03\/IMG_20230306_110622410-1024x768.jpg\" alt=\"\" class=\"wp-image-28572\" srcset=\"https:\/\/blogdorogeriogomes.com.br\/noticias\/wp-content\/uploads\/2023\/03\/IMG_20230306_110622410-1024x768.jpg 1024w, https:\/\/blogdorogeriogomes.com.br\/noticias\/wp-content\/uploads\/2023\/03\/IMG_20230306_110622410-300x225.jpg 300w, https:\/\/blogdorogeriogomes.com.br\/noticias\/wp-content\/uploads\/2023\/03\/IMG_20230306_110622410-768x576.jpg 768w, https:\/\/blogdorogeriogomes.com.br\/noticias\/wp-content\/uploads\/2023\/03\/IMG_20230306_110622410-1536x1152.jpg 1536w, https:\/\/blogdorogeriogomes.com.br\/noticias\/wp-content\/uploads\/2023\/03\/IMG_20230306_110622410-2048x1536.jpg 2048w, https:\/\/blogdorogeriogomes.com.br\/noticias\/wp-content\/uploads\/2023\/03\/IMG_20230306_110622410-800x600.jpg 800w, https:\/\/blogdorogeriogomes.com.br\/noticias\/wp-content\/uploads\/2023\/03\/IMG_20230306_110622410-400x300.jpg 400w\" sizes=\"auto, (max-width: 1024px) 100vw, 1024px\" \/><\/figure>\n","protected":false},"excerpt":{"rendered":"<p>O governador Elmano de Freitas inaugurou nesta segunda-feira, dia 6 de mar\u00e7o, a nova f\u00e1brica da Ypi\u00f3ca\/Diageo, em Itatinga, na Regi\u00e3o Metropolitana de Fortaleza, com a gera\u00e7\u00e3o de 400 empregos diretos.A solenidade de inaugura\u00e7\u00e3o teve a presen\u00e7a de Elmano de Freitas e de outras autoridades estaduais. A Diageo \u00e9 l\u00edder mundial na fabrica\u00e7\u00e3o de bebidas alco\u00f3licas. A f\u00e1brica tem capacidade de produzir 12 milh\u00f5es de caixas de nove litros por ano. O investimento na unidade de Itaitinga, na Regi\u00e3o&hellip;<\/p>\n","protected":false},"author":1,"featured_media":28572,"comment_status":"open","ping_status":"open","sticky":false,"template":"","format":"standard","meta":{"footnotes":""},"categories":[1],"tags":[],"class_list":["post-28571","post","type-post","status-publish","format-standard","has-post-thumbnail","hentry","category-noticias"],"_links":{"self":[{"href":"https:\/\/blogdorogeriogomes.com.br\/noticias\/wp-json\/wp\/v2\/posts\/28571","targetHints":{"allow":["GET"]}}],"collection":[{"href":"https:\/\/blogdorogeriogomes.com.br\/noticias\/wp-json\/wp\/v2\/posts"}],"about":[{"href":"https:\/\/blogdorogeriogomes.com.br\/noticias\/wp-json\/wp\/v2\/types\/post"}],"author":[{"embeddable":true,"href":"https:\/\/blogdorogeriogomes.com.br\/noticias\/wp-json\/wp\/v2\/users\/1"}],"replies":[{"embeddable":true,"href":"https:\/\/blogdorogeriogomes.com.br\/noticias\/wp-json\/wp\/v2\/comments?post=28571"}],"version-history":[{"count":1,"href":"https:\/\/blogdorogeriogomes.com.br\/noticias\/wp-json\/wp\/v2\/posts\/28571\/revisions"}],"predecessor-version":[{"id":28573,"href":"https:\/\/blogdorogeriogomes.com.br\/noticias\/wp-json\/wp\/v2\/posts\/28571\/revisions\/28573"}],"wp:featuredmedia":[{"embeddable":true,"href":"https:\/\/blogdorogeriogomes.com.br\/noticias\/wp-json\/wp\/v2\/media\/28572"}],"wp:attachment":[{"href":"https:\/\/blogdorogeriogomes.com.br\/noticias\/wp-json\/wp\/v2\/media?parent=28571"}],"wp:term":[{"taxonomy":"category","embeddable":true,"href":"https:\/\/blogdorogeriogomes.com.br\/noticias\/wp-json\/wp\/v2\/categories?post=28571"},{"taxonomy":"post_tag","embeddable":true,"href":"https:\/\/blogdorogeriogomes.com.br\/noticias\/wp-json\/wp\/v2\/tags?post=28571"}],"curies":[{"name":"wp","href":"https:\/\/api.w.org\/{rel}","templated":true}]}}