{"id":28577,"date":"2023-03-07T10:20:40","date_gmt":"2023-03-07T10:20:40","guid":{"rendered":"https:\/\/blogdorogeriogomes.com.br\/?p=28577"},"modified":"2023-03-07T13:35:04","modified_gmt":"2023-03-07T13:35:04","slug":"prefeitura-de-fortaleza-avanca-para-2a-fase-da-vacinacao-bivalente-contra-covid-19-nesta-terca-feira","status":"publish","type":"post","link":"https:\/\/blogdorogeriogomes.com.br\/noticias\/2023\/03\/prefeitura-de-fortaleza-avanca-para-2a-fase-da-vacinacao-bivalente-contra-covid-19-nesta-terca-feira\/","title":{"rendered":"Prefeitura de Fortaleza avan\u00e7a para 2\u00aa fase da vacina\u00e7\u00e3o bivalente contra Covid-19 nesta ter\u00e7a-feira"},"content":{"rendered":"\n<p>Fortaleza avan\u00e7a para a segunda fase da campanha da vacina bivalente da Covid-19, a partir desta ter\u00e7a-feira, dia 7 de mar\u00e7o, quando ser\u00e3o contemplados idosos entre 60 e 69 anos. O p\u00fablico das duas fases ser\u00e1 atendido enquanto durar o estoque de imunobiol\u00f3gico nos 117 postos de sa\u00fade da capital, de segunda a sexta-feira, das 7h30min \u00e0s 18h30min. Nos finais de semana, dois postos acolhem o p\u00fablico, conforme divulga\u00e7\u00e3o realizada no Portal da Prefeitura.<\/p>\n\n\n\n<p>Entre os dias 27 de fevereiro e 5 de mar\u00e7o, a Prefeitura de Fortaleza aplicou 18.145 doses da vacina bivalente contra a Covid-19 no grupo da primeira fase da campanha: popula\u00e7\u00e3o imunossuprimida, idosos a partir de 70 anos de idade e fortalezenses acima de 12 anos que vivem em institui\u00e7\u00f5es de longa perman\u00eancia e os trabalhadores destes estabelecimentos.<\/p>\n\n\n\n<figure class=\"wp-block-image size-large\"><img loading=\"lazy\" decoding=\"async\" width=\"1024\" height=\"602\" src=\"https:\/\/blogdorogeriogomes.com.br\/wp-content\/uploads\/2023\/03\/06-03-2023-Vacina-001-1024x602.jpg\" alt=\"\" class=\"wp-image-28578\" srcset=\"https:\/\/blogdorogeriogomes.com.br\/noticias\/wp-content\/uploads\/2023\/03\/06-03-2023-Vacina-001-1024x602.jpg 1024w, https:\/\/blogdorogeriogomes.com.br\/noticias\/wp-content\/uploads\/2023\/03\/06-03-2023-Vacina-001-300x176.jpg 300w, https:\/\/blogdorogeriogomes.com.br\/noticias\/wp-content\/uploads\/2023\/03\/06-03-2023-Vacina-001-768x451.jpg 768w, https:\/\/blogdorogeriogomes.com.br\/noticias\/wp-content\/uploads\/2023\/03\/06-03-2023-Vacina-001-800x470.jpg 800w, https:\/\/blogdorogeriogomes.com.br\/noticias\/wp-content\/uploads\/2023\/03\/06-03-2023-Vacina-001.jpg 1280w\" sizes=\"auto, (max-width: 1024px) 100vw, 1024px\" \/><\/figure>\n","protected":false},"excerpt":{"rendered":"<p>Fortaleza avan\u00e7a para a segunda fase da campanha da vacina bivalente da Covid-19, a partir desta ter\u00e7a-feira, dia 7 de mar\u00e7o, quando ser\u00e3o contemplados idosos entre 60 e 69 anos. O p\u00fablico das duas fases ser\u00e1 atendido enquanto durar o estoque de imunobiol\u00f3gico nos 117 postos de sa\u00fade da capital, de segunda a sexta-feira, das 7h30min \u00e0s 18h30min. Nos finais de semana, dois postos acolhem o p\u00fablico, conforme divulga\u00e7\u00e3o realizada no Portal da Prefeitura. Entre os dias 27 de&hellip;<\/p>\n","protected":false},"author":1,"featured_media":28578,"comment_status":"open","ping_status":"open","sticky":false,"template":"","format":"standard","meta":{"footnotes":""},"categories":[1],"tags":[],"class_list":["post-28577","post","type-post","status-publish","format-standard","has-post-thumbnail","hentry","category-noticias"],"_links":{"self":[{"href":"https:\/\/blogdorogeriogomes.com.br\/noticias\/wp-json\/wp\/v2\/posts\/28577","targetHints":{"allow":["GET"]}}],"collection":[{"href":"https:\/\/blogdorogeriogomes.com.br\/noticias\/wp-json\/wp\/v2\/posts"}],"about":[{"href":"https:\/\/blogdorogeriogomes.com.br\/noticias\/wp-json\/wp\/v2\/types\/post"}],"author":[{"embeddable":true,"href":"https:\/\/blogdorogeriogomes.com.br\/noticias\/wp-json\/wp\/v2\/users\/1"}],"replies":[{"embeddable":true,"href":"https:\/\/blogdorogeriogomes.com.br\/noticias\/wp-json\/wp\/v2\/comments?post=28577"}],"version-history":[{"count":1,"href":"https:\/\/blogdorogeriogomes.com.br\/noticias\/wp-json\/wp\/v2\/posts\/28577\/revisions"}],"predecessor-version":[{"id":28579,"href":"https:\/\/blogdorogeriogomes.com.br\/noticias\/wp-json\/wp\/v2\/posts\/28577\/revisions\/28579"}],"wp:featuredmedia":[{"embeddable":true,"href":"https:\/\/blogdorogeriogomes.com.br\/noticias\/wp-json\/wp\/v2\/media\/28578"}],"wp:attachment":[{"href":"https:\/\/blogdorogeriogomes.com.br\/noticias\/wp-json\/wp\/v2\/media?parent=28577"}],"wp:term":[{"taxonomy":"category","embeddable":true,"href":"https:\/\/blogdorogeriogomes.com.br\/noticias\/wp-json\/wp\/v2\/categories?post=28577"},{"taxonomy":"post_tag","embeddable":true,"href":"https:\/\/blogdorogeriogomes.com.br\/noticias\/wp-json\/wp\/v2\/tags?post=28577"}],"curies":[{"name":"wp","href":"https:\/\/api.w.org\/{rel}","templated":true}]}}