{"id":28583,"date":"2023-03-08T00:23:41","date_gmt":"2023-03-08T00:23:41","guid":{"rendered":"https:\/\/blogdorogeriogomes.com.br\/?p=28583"},"modified":"2023-03-10T19:15:47","modified_gmt":"2023-03-10T19:15:47","slug":"passagem-de-onibus-em-fortaleza-sobe-para-r-450-e-meia-reduz-para-r-150","status":"publish","type":"post","link":"https:\/\/blogdorogeriogomes.com.br\/noticias\/2023\/03\/passagem-de-onibus-em-fortaleza-sobe-para-r-450-e-meia-reduz-para-r-150\/","title":{"rendered":"Passagem de \u00f4nibus em Fortaleza sobe para R$ 4,50 e meia reduz para R$ 1,50"},"content":{"rendered":"\n<p>A Empresa de Transporte Urbano de Fortaleza (Etufor) divulgou nesta ter\u00e7a-feira, dia 7 de mar\u00e7o, os novos valores de tarifa de \u00f4nibus que passar\u00e3o a vigorar na Capital 10 dias depois da publica\u00e7\u00e3o no Di\u00e1rio Oficial do Munic\u00edpio. A tarifa inteira custar\u00e1 R$ 4,50 enquanto a tarifa estudantil ser\u00e1 reduzida para R$ 1,50 durante todo o dia.&nbsp;<\/p>\n\n\n\n<p>Em acordo com a Prefeitura de Fortaleza, com a nova tarifa, as empresas concession\u00e1rias de transporte dever\u00e3o ampliar a frota de \u00f4nibus em circula\u00e7\u00e3o e ainda retomar o uso dos \u00f4nibus com ar-condicionado, oferecendo mais conforto aos passageiros.<\/p>\n\n\n\n<p>Os novos valores foram definidos em reuni\u00e3o com o Sindicato das Empresas de Transporte de Passageiros do Cear\u00e1 (Sindionibus). A primeira proposta do sindicato era que a passagem subisse para R$ 5,40.<\/p>\n\n\n\n<figure class=\"wp-block-image size-large\"><img loading=\"lazy\" decoding=\"async\" width=\"1024\" height=\"602\" src=\"https:\/\/blogdorogeriogomes.com.br\/wp-content\/uploads\/2023\/03\/07-03-2023-21-12-2022-24-11-2022-26-10-2022-Etufor-IMG_0324-1024x602.jpg\" alt=\"\" class=\"wp-image-28584\" srcset=\"https:\/\/blogdorogeriogomes.com.br\/noticias\/wp-content\/uploads\/2023\/03\/07-03-2023-21-12-2022-24-11-2022-26-10-2022-Etufor-IMG_0324-1024x602.jpg 1024w, https:\/\/blogdorogeriogomes.com.br\/noticias\/wp-content\/uploads\/2023\/03\/07-03-2023-21-12-2022-24-11-2022-26-10-2022-Etufor-IMG_0324-300x176.jpg 300w, https:\/\/blogdorogeriogomes.com.br\/noticias\/wp-content\/uploads\/2023\/03\/07-03-2023-21-12-2022-24-11-2022-26-10-2022-Etufor-IMG_0324-768x451.jpg 768w, https:\/\/blogdorogeriogomes.com.br\/noticias\/wp-content\/uploads\/2023\/03\/07-03-2023-21-12-2022-24-11-2022-26-10-2022-Etufor-IMG_0324-800x470.jpg 800w, https:\/\/blogdorogeriogomes.com.br\/noticias\/wp-content\/uploads\/2023\/03\/07-03-2023-21-12-2022-24-11-2022-26-10-2022-Etufor-IMG_0324.jpg 1280w\" sizes=\"auto, (max-width: 1024px) 100vw, 1024px\" \/><\/figure>\n","protected":false},"excerpt":{"rendered":"<p>A Empresa de Transporte Urbano de Fortaleza (Etufor) divulgou nesta ter\u00e7a-feira, dia 7 de mar\u00e7o, os novos valores de tarifa de \u00f4nibus que passar\u00e3o a vigorar na Capital 10 dias depois da publica\u00e7\u00e3o no Di\u00e1rio Oficial do Munic\u00edpio. A tarifa inteira custar\u00e1 R$ 4,50 enquanto a tarifa estudantil ser\u00e1 reduzida para R$ 1,50 durante todo o dia.&nbsp; Em acordo com a Prefeitura de Fortaleza, com a nova tarifa, as empresas concession\u00e1rias de transporte dever\u00e3o ampliar a frota de \u00f4nibus&hellip;<\/p>\n","protected":false},"author":1,"featured_media":28584,"comment_status":"open","ping_status":"open","sticky":false,"template":"","format":"standard","meta":{"footnotes":""},"categories":[1],"tags":[],"class_list":["post-28583","post","type-post","status-publish","format-standard","has-post-thumbnail","hentry","category-noticias"],"_links":{"self":[{"href":"https:\/\/blogdorogeriogomes.com.br\/noticias\/wp-json\/wp\/v2\/posts\/28583","targetHints":{"allow":["GET"]}}],"collection":[{"href":"https:\/\/blogdorogeriogomes.com.br\/noticias\/wp-json\/wp\/v2\/posts"}],"about":[{"href":"https:\/\/blogdorogeriogomes.com.br\/noticias\/wp-json\/wp\/v2\/types\/post"}],"author":[{"embeddable":true,"href":"https:\/\/blogdorogeriogomes.com.br\/noticias\/wp-json\/wp\/v2\/users\/1"}],"replies":[{"embeddable":true,"href":"https:\/\/blogdorogeriogomes.com.br\/noticias\/wp-json\/wp\/v2\/comments?post=28583"}],"version-history":[{"count":2,"href":"https:\/\/blogdorogeriogomes.com.br\/noticias\/wp-json\/wp\/v2\/posts\/28583\/revisions"}],"predecessor-version":[{"id":28632,"href":"https:\/\/blogdorogeriogomes.com.br\/noticias\/wp-json\/wp\/v2\/posts\/28583\/revisions\/28632"}],"wp:featuredmedia":[{"embeddable":true,"href":"https:\/\/blogdorogeriogomes.com.br\/noticias\/wp-json\/wp\/v2\/media\/28584"}],"wp:attachment":[{"href":"https:\/\/blogdorogeriogomes.com.br\/noticias\/wp-json\/wp\/v2\/media?parent=28583"}],"wp:term":[{"taxonomy":"category","embeddable":true,"href":"https:\/\/blogdorogeriogomes.com.br\/noticias\/wp-json\/wp\/v2\/categories?post=28583"},{"taxonomy":"post_tag","embeddable":true,"href":"https:\/\/blogdorogeriogomes.com.br\/noticias\/wp-json\/wp\/v2\/tags?post=28583"}],"curies":[{"name":"wp","href":"https:\/\/api.w.org\/{rel}","templated":true}]}}