{"id":28589,"date":"2023-03-08T09:39:43","date_gmt":"2023-03-08T09:39:43","guid":{"rendered":"https:\/\/blogdorogeriogomes.com.br\/?p=28589"},"modified":"2023-03-08T09:39:44","modified_gmt":"2023-03-08T09:39:44","slug":"procurador-eleitoral-se-diz-favoravel-a-cassacao-dos-mandatos-de-camilo-elmano-e-jade-em-acao-movida-pela-coligacao-de-roberto-claudio","status":"publish","type":"post","link":"https:\/\/blogdorogeriogomes.com.br\/noticias\/2023\/03\/procurador-eleitoral-se-diz-favoravel-a-cassacao-dos-mandatos-de-camilo-elmano-e-jade-em-acao-movida-pela-coligacao-de-roberto-claudio\/","title":{"rendered":"Procurador eleitoral se diz favor\u00e1vel a cassa\u00e7\u00e3o dos mandatos de Camilo, Elmano e Jade em a\u00e7\u00e3o movida pela coliga\u00e7\u00e3o de Roberto Cl\u00e1udio"},"content":{"rendered":"\n<p>O procurador regional eleitoral do Cear\u00e1, Edmac Lima Trigueiro, manifestou nesta ter\u00e7a-feira, dia 7 de mar\u00e7o, um parecer favor\u00e1vel ao pedido de cassa\u00e7\u00e3o do diploma do governador Elmano de Freitas (PT),\u00a0acusado de ter sido favorecido pela\u00a0pr\u00e1tica de abuso de poder pol\u00edtico e econ\u00f4mico durante a campanha eleitoral do ano passado.\u00a0A a\u00e7\u00e3o foi aberta pela coliga\u00e7\u00e3o do ex-prefeito de Fortaleza, Roberto Cl\u00e1udio (PDT),\u00a0advers\u00e1rio de Elmano na disputa e que terminou em terceiro lugar. Tamb\u00e9m s\u00e3o alvos os mandatos da vice-governadora Jade Romero (MDB) e o senador licenciado e hoje ministro da Educa\u00e7\u00e3o, Camilo Santana (PT).<\/p>\n\n\n\n<p>Segundo a den\u00fancia, a ent\u00e3o governadora Izolda Cela teria beneficiado\u00a0munic\u00edpios, por meio da celebra\u00e7\u00e3o de conv\u00eanio e do repasse de recursos para obras. A defesa da coliga\u00e7\u00e3o de Elmano e Camilo considera que a manifesta\u00e7\u00e3o do Minist\u00e9rio P\u00fablico Eleitoral n\u00e3o considerou todas as provas apresentadas. <\/p>\n\n\n\n<p>A manifesta\u00e7\u00e3o do procurador \u00e9 uma opini\u00e3o emitida dentro do processo movido pela coliga\u00e7\u00e3o de Roberto Cl\u00e1udio. Ela serve de subs\u00eddio para a tomada de decis\u00e3o do Tribunal Regional Eleitoral (TRE-CE), mas n\u00e3o necessariamente precisa ser seguida pelos magistrados.<\/p>\n\n\n\n<figure class=\"wp-block-image size-full\"><img loading=\"lazy\" decoding=\"async\" width=\"818\" height=\"459\" src=\"https:\/\/blogdorogeriogomes.com.br\/wp-content\/uploads\/2023\/03\/1_elmano_de_freitas_001023-19861076.jpg\" alt=\"\" class=\"wp-image-28590\" srcset=\"https:\/\/blogdorogeriogomes.com.br\/noticias\/wp-content\/uploads\/2023\/03\/1_elmano_de_freitas_001023-19861076.jpg 818w, https:\/\/blogdorogeriogomes.com.br\/noticias\/wp-content\/uploads\/2023\/03\/1_elmano_de_freitas_001023-19861076-300x168.jpg 300w, https:\/\/blogdorogeriogomes.com.br\/noticias\/wp-content\/uploads\/2023\/03\/1_elmano_de_freitas_001023-19861076-768x431.jpg 768w, https:\/\/blogdorogeriogomes.com.br\/noticias\/wp-content\/uploads\/2023\/03\/1_elmano_de_freitas_001023-19861076-800x449.jpg 800w\" sizes=\"auto, (max-width: 818px) 100vw, 818px\" \/><\/figure>\n","protected":false},"excerpt":{"rendered":"<p>O procurador regional eleitoral do Cear\u00e1, Edmac Lima Trigueiro, manifestou nesta ter\u00e7a-feira, dia 7 de mar\u00e7o, um parecer favor\u00e1vel ao pedido de cassa\u00e7\u00e3o do diploma do governador Elmano de Freitas (PT),\u00a0acusado de ter sido favorecido pela\u00a0pr\u00e1tica de abuso de poder pol\u00edtico e econ\u00f4mico durante a campanha eleitoral do ano passado.\u00a0A a\u00e7\u00e3o foi aberta pela coliga\u00e7\u00e3o do ex-prefeito de Fortaleza, Roberto Cl\u00e1udio (PDT),\u00a0advers\u00e1rio de Elmano na disputa e que terminou em terceiro lugar. Tamb\u00e9m s\u00e3o alvos os mandatos da vice-governadora&hellip;<\/p>\n","protected":false},"author":1,"featured_media":0,"comment_status":"open","ping_status":"open","sticky":false,"template":"","format":"standard","meta":{"footnotes":""},"categories":[1],"tags":[],"class_list":["post-28589","post","type-post","status-publish","format-standard","hentry","category-noticias"],"_links":{"self":[{"href":"https:\/\/blogdorogeriogomes.com.br\/noticias\/wp-json\/wp\/v2\/posts\/28589","targetHints":{"allow":["GET"]}}],"collection":[{"href":"https:\/\/blogdorogeriogomes.com.br\/noticias\/wp-json\/wp\/v2\/posts"}],"about":[{"href":"https:\/\/blogdorogeriogomes.com.br\/noticias\/wp-json\/wp\/v2\/types\/post"}],"author":[{"embeddable":true,"href":"https:\/\/blogdorogeriogomes.com.br\/noticias\/wp-json\/wp\/v2\/users\/1"}],"replies":[{"embeddable":true,"href":"https:\/\/blogdorogeriogomes.com.br\/noticias\/wp-json\/wp\/v2\/comments?post=28589"}],"version-history":[{"count":1,"href":"https:\/\/blogdorogeriogomes.com.br\/noticias\/wp-json\/wp\/v2\/posts\/28589\/revisions"}],"predecessor-version":[{"id":28591,"href":"https:\/\/blogdorogeriogomes.com.br\/noticias\/wp-json\/wp\/v2\/posts\/28589\/revisions\/28591"}],"wp:attachment":[{"href":"https:\/\/blogdorogeriogomes.com.br\/noticias\/wp-json\/wp\/v2\/media?parent=28589"}],"wp:term":[{"taxonomy":"category","embeddable":true,"href":"https:\/\/blogdorogeriogomes.com.br\/noticias\/wp-json\/wp\/v2\/categories?post=28589"},{"taxonomy":"post_tag","embeddable":true,"href":"https:\/\/blogdorogeriogomes.com.br\/noticias\/wp-json\/wp\/v2\/tags?post=28589"}],"curies":[{"name":"wp","href":"https:\/\/api.w.org\/{rel}","templated":true}]}}