{"id":28595,"date":"2023-03-08T10:27:03","date_gmt":"2023-03-08T10:27:03","guid":{"rendered":"https:\/\/blogdorogeriogomes.com.br\/?p=28595"},"modified":"2023-03-10T19:15:22","modified_gmt":"2023-03-10T19:15:22","slug":"governador-elmano-de-freitas-rebate-prefeito-jose-sarto-sobre-responsabilidade-no-reajuste-das-passagens-de-onibus","status":"publish","type":"post","link":"https:\/\/blogdorogeriogomes.com.br\/noticias\/2023\/03\/governador-elmano-de-freitas-rebate-prefeito-jose-sarto-sobre-responsabilidade-no-reajuste-das-passagens-de-onibus\/","title":{"rendered":"Governador Elmano de Freitas rebate prefeito Jos\u00e9 Sarto sobre responsabilidade no reajuste das passagens de \u00f4nibus"},"content":{"rendered":"\n<p>Na nota em que anunciou o reajuste das passagens de \u00f4nibus em Fortaleza, o prefeito Jos\u00e9 Sarto (PDT) cobrou que at\u00e9 2022, havia uma parceria com o Governo do Cear\u00e1, que aportava mais R$ 3 milh\u00f5es. Segundo Sarto, &#8220;chegamos em mar\u00e7o de 2023 e, at\u00e9 agora, esse recurso do Estado n\u00e3o chegou&#8221;.<\/p>\n\n\n\n<p>Pelas redes sociais, o governador Elmano de Freitas (PT) rebateu as declara\u00e7\u00f5es do prefeito Jos\u00e9 Sarto. Elmano disse: &#8220;Vi h\u00e1 pouco manifesta\u00e7\u00e3o do prefeito Jos\u00e9 Sarto tentando transferir responsabilidade de aumento de passagens de \u00f4nibus para o Governo do Estado. Lamento que o prefeito n\u00e3o fale exatamente toda a verdade dos fatos. Embora sendo uma responsabilidade direta do munic\u00edpio, o Governo do Estado ajuda a manter o transporte p\u00fablico da capital h\u00e1 muitos anos com cerca de R$ 30 milh\u00f5es\/ano, atrav\u00e9s da redu\u00e7\u00e3o em 66% na base de c\u00e1lculo do ICMS do Diesel\u201d.<\/p>\n\n\n\n<figure class=\"wp-block-image size-full\"><img loading=\"lazy\" decoding=\"async\" width=\"506\" height=\"360\" src=\"https:\/\/blogdorogeriogomes.com.br\/wp-content\/uploads\/2023\/03\/1_inicio_da_aplicacao_da_vacina_bivalente_contra_a_covid_19__50_-21252028.jpg\" alt=\"\" class=\"wp-image-28596\" srcset=\"https:\/\/blogdorogeriogomes.com.br\/noticias\/wp-content\/uploads\/2023\/03\/1_inicio_da_aplicacao_da_vacina_bivalente_contra_a_covid_19__50_-21252028.jpg 506w, https:\/\/blogdorogeriogomes.com.br\/noticias\/wp-content\/uploads\/2023\/03\/1_inicio_da_aplicacao_da_vacina_bivalente_contra_a_covid_19__50_-21252028-300x213.jpg 300w\" sizes=\"auto, (max-width: 506px) 100vw, 506px\" \/><\/figure>\n","protected":false},"excerpt":{"rendered":"<p>Na nota em que anunciou o reajuste das passagens de \u00f4nibus em Fortaleza, o prefeito Jos\u00e9 Sarto (PDT) cobrou que at\u00e9 2022, havia uma parceria com o Governo do Cear\u00e1, que aportava mais R$ 3 milh\u00f5es. Segundo Sarto, &#8220;chegamos em mar\u00e7o de 2023 e, at\u00e9 agora, esse recurso do Estado n\u00e3o chegou&#8221;. Pelas redes sociais, o governador Elmano de Freitas (PT) rebateu as declara\u00e7\u00f5es do prefeito Jos\u00e9 Sarto. Elmano disse: &#8220;Vi h\u00e1 pouco manifesta\u00e7\u00e3o do prefeito Jos\u00e9 Sarto tentando&hellip;<\/p>\n","protected":false},"author":1,"featured_media":28596,"comment_status":"open","ping_status":"open","sticky":false,"template":"","format":"standard","meta":{"footnotes":""},"categories":[1],"tags":[],"class_list":["post-28595","post","type-post","status-publish","format-standard","has-post-thumbnail","hentry","category-noticias"],"_links":{"self":[{"href":"https:\/\/blogdorogeriogomes.com.br\/noticias\/wp-json\/wp\/v2\/posts\/28595","targetHints":{"allow":["GET"]}}],"collection":[{"href":"https:\/\/blogdorogeriogomes.com.br\/noticias\/wp-json\/wp\/v2\/posts"}],"about":[{"href":"https:\/\/blogdorogeriogomes.com.br\/noticias\/wp-json\/wp\/v2\/types\/post"}],"author":[{"embeddable":true,"href":"https:\/\/blogdorogeriogomes.com.br\/noticias\/wp-json\/wp\/v2\/users\/1"}],"replies":[{"embeddable":true,"href":"https:\/\/blogdorogeriogomes.com.br\/noticias\/wp-json\/wp\/v2\/comments?post=28595"}],"version-history":[{"count":1,"href":"https:\/\/blogdorogeriogomes.com.br\/noticias\/wp-json\/wp\/v2\/posts\/28595\/revisions"}],"predecessor-version":[{"id":28597,"href":"https:\/\/blogdorogeriogomes.com.br\/noticias\/wp-json\/wp\/v2\/posts\/28595\/revisions\/28597"}],"wp:featuredmedia":[{"embeddable":true,"href":"https:\/\/blogdorogeriogomes.com.br\/noticias\/wp-json\/wp\/v2\/media\/28596"}],"wp:attachment":[{"href":"https:\/\/blogdorogeriogomes.com.br\/noticias\/wp-json\/wp\/v2\/media?parent=28595"}],"wp:term":[{"taxonomy":"category","embeddable":true,"href":"https:\/\/blogdorogeriogomes.com.br\/noticias\/wp-json\/wp\/v2\/categories?post=28595"},{"taxonomy":"post_tag","embeddable":true,"href":"https:\/\/blogdorogeriogomes.com.br\/noticias\/wp-json\/wp\/v2\/tags?post=28595"}],"curies":[{"name":"wp","href":"https:\/\/api.w.org\/{rel}","templated":true}]}}