{"id":28601,"date":"2023-03-08T22:33:14","date_gmt":"2023-03-08T22:33:14","guid":{"rendered":"https:\/\/blogdorogeriogomes.com.br\/?p=28601"},"modified":"2023-03-10T19:14:20","modified_gmt":"2023-03-10T19:14:20","slug":"cid-gomes-e-eleito-vice-presidente-das-comissoes-de-educacao-e-desenvolvimento-regional-do-senado","status":"publish","type":"post","link":"https:\/\/blogdorogeriogomes.com.br\/noticias\/2023\/03\/cid-gomes-e-eleito-vice-presidente-das-comissoes-de-educacao-e-desenvolvimento-regional-do-senado\/","title":{"rendered":"Cid Gomes \u00e9 eleito vice-presidente das Comiss\u00f5es de Educa\u00e7\u00e3o e Desenvolvimento Regional do Senado"},"content":{"rendered":"\n<p>O senador cearense Cid Gomes (PDT) foi eleito nesta quarta-feira, dia 8 de mar\u00e7o, como vice-presidente de duas comiss\u00f5es permanentes do Senado Federal, a de Educa\u00e7\u00e3o e de Desenvolvimento Regional e Turismo. As 14 Comiss\u00f5es Permanentes da Casa come\u00e7aram a ser instaladas hoje e tiveram as respectivas elei\u00e7\u00f5es para presidentes e vice-presidentes. Cid Gomes compor\u00e1 ainda, como membro titular, as comiss\u00f5es de Assuntos Econ\u00f4micos e de Transpar\u00eancia, Fiscaliza\u00e7\u00e3o e Controle.<\/p>\n\n\n\n<p>A presid\u00eancia da Comiss\u00e3o de Educa\u00e7\u00e3o ser\u00e1 do senador Fl\u00e1vio Arns e a de Desenvolvimento Regional ser\u00e1 presidida pelo senador Marcelo Castro. Cid disse que a Comiss\u00e3o de Educa\u00e7\u00e3o estar\u00e1 em muito boas m\u00e3os com Fl\u00e1vio Arns na presid\u00eancia. <\/p>\n\n\n\n<figure class=\"wp-block-image size-large\"><img loading=\"lazy\" decoding=\"async\" width=\"1024\" height=\"576\" src=\"https:\/\/blogdorogeriogomes.com.br\/wp-content\/uploads\/2023\/03\/IMG-20230308-WA0179-1024x576.jpg\" alt=\"\" class=\"wp-image-28602\" srcset=\"https:\/\/blogdorogeriogomes.com.br\/noticias\/wp-content\/uploads\/2023\/03\/IMG-20230308-WA0179-1024x576.jpg 1024w, https:\/\/blogdorogeriogomes.com.br\/noticias\/wp-content\/uploads\/2023\/03\/IMG-20230308-WA0179-300x169.jpg 300w, https:\/\/blogdorogeriogomes.com.br\/noticias\/wp-content\/uploads\/2023\/03\/IMG-20230308-WA0179-768x432.jpg 768w, https:\/\/blogdorogeriogomes.com.br\/noticias\/wp-content\/uploads\/2023\/03\/IMG-20230308-WA0179-800x450.jpg 800w, https:\/\/blogdorogeriogomes.com.br\/noticias\/wp-content\/uploads\/2023\/03\/IMG-20230308-WA0179.jpg 1280w\" sizes=\"auto, (max-width: 1024px) 100vw, 1024px\" \/><\/figure>\n\n\n\n<p><\/p>\n\n\n\n<p><\/p>\n\n\n\n<p><\/p>\n\n\n\n<p><\/p>\n","protected":false},"excerpt":{"rendered":"<p>O senador cearense Cid Gomes (PDT) foi eleito nesta quarta-feira, dia 8 de mar\u00e7o, como vice-presidente de duas comiss\u00f5es permanentes do Senado Federal, a de Educa\u00e7\u00e3o e de Desenvolvimento Regional e Turismo. As 14 Comiss\u00f5es Permanentes da Casa come\u00e7aram a ser instaladas hoje e tiveram as respectivas elei\u00e7\u00f5es para presidentes e vice-presidentes. Cid Gomes compor\u00e1 ainda, como membro titular, as comiss\u00f5es de Assuntos Econ\u00f4micos e de Transpar\u00eancia, Fiscaliza\u00e7\u00e3o e Controle. A presid\u00eancia da Comiss\u00e3o de Educa\u00e7\u00e3o ser\u00e1 do senador&hellip;<\/p>\n","protected":false},"author":1,"featured_media":28602,"comment_status":"open","ping_status":"open","sticky":false,"template":"","format":"standard","meta":{"footnotes":""},"categories":[1],"tags":[],"class_list":["post-28601","post","type-post","status-publish","format-standard","has-post-thumbnail","hentry","category-noticias"],"_links":{"self":[{"href":"https:\/\/blogdorogeriogomes.com.br\/noticias\/wp-json\/wp\/v2\/posts\/28601","targetHints":{"allow":["GET"]}}],"collection":[{"href":"https:\/\/blogdorogeriogomes.com.br\/noticias\/wp-json\/wp\/v2\/posts"}],"about":[{"href":"https:\/\/blogdorogeriogomes.com.br\/noticias\/wp-json\/wp\/v2\/types\/post"}],"author":[{"embeddable":true,"href":"https:\/\/blogdorogeriogomes.com.br\/noticias\/wp-json\/wp\/v2\/users\/1"}],"replies":[{"embeddable":true,"href":"https:\/\/blogdorogeriogomes.com.br\/noticias\/wp-json\/wp\/v2\/comments?post=28601"}],"version-history":[{"count":1,"href":"https:\/\/blogdorogeriogomes.com.br\/noticias\/wp-json\/wp\/v2\/posts\/28601\/revisions"}],"predecessor-version":[{"id":28603,"href":"https:\/\/blogdorogeriogomes.com.br\/noticias\/wp-json\/wp\/v2\/posts\/28601\/revisions\/28603"}],"wp:featuredmedia":[{"embeddable":true,"href":"https:\/\/blogdorogeriogomes.com.br\/noticias\/wp-json\/wp\/v2\/media\/28602"}],"wp:attachment":[{"href":"https:\/\/blogdorogeriogomes.com.br\/noticias\/wp-json\/wp\/v2\/media?parent=28601"}],"wp:term":[{"taxonomy":"category","embeddable":true,"href":"https:\/\/blogdorogeriogomes.com.br\/noticias\/wp-json\/wp\/v2\/categories?post=28601"},{"taxonomy":"post_tag","embeddable":true,"href":"https:\/\/blogdorogeriogomes.com.br\/noticias\/wp-json\/wp\/v2\/tags?post=28601"}],"curies":[{"name":"wp","href":"https:\/\/api.w.org\/{rel}","templated":true}]}}