{"id":28604,"date":"2023-03-08T22:38:01","date_gmt":"2023-03-08T22:38:01","guid":{"rendered":"https:\/\/blogdorogeriogomes.com.br\/?p=28604"},"modified":"2023-03-10T19:14:13","modified_gmt":"2023-03-10T19:14:13","slug":"governo-do-ceara-anuncia-r-20-milhoes-para-empreendedorismo-feminino","status":"publish","type":"post","link":"https:\/\/blogdorogeriogomes.com.br\/noticias\/2023\/03\/governo-do-ceara-anuncia-r-20-milhoes-para-empreendedorismo-feminino\/","title":{"rendered":"Governo do Cear\u00e1 anuncia R$ 20 milh\u00f5es para empreendedorismo feminino"},"content":{"rendered":"\n<p>O Governo do Cear\u00e1 anunciou, neste dia 8 de Mar\u00e7o, uma s\u00e9rie de iniciativas para promover a prote\u00e7\u00e3o e autonomia das mulheres: in\u00edcio da constru\u00e7\u00e3o de mais duas Casas da Mulher Cearense, implanta\u00e7\u00e3o das Patrulhas Maria da Penha, instala\u00e7\u00e3o do Comit\u00ea Estadual de Enfrentamento \u00e0 Viol\u00eancia contra a Mulher e Combate ao Feminic\u00eddio, Programa Cear\u00e1 Credi Mulher e cria\u00e7\u00e3o do selo de equidade de g\u00eanero e ra\u00e7a para organiza\u00e7\u00f5es p\u00fablicas e privadas.<\/p>\n\n\n\n<p>Os an\u00fancios foram feitos pela vice-governadora e secret\u00e1ria das Mulheres do Cear\u00e1, Jade Romero, ao lado da primeira-dama do Estado, Lia de Freitas, e das 16 secret\u00e1rias de Estado.<\/p>\n\n\n\n<p>Para estimular o empreendedorismo e a autonomia financeira das mulheres, o Programa Cear\u00e1 Credi, lan\u00e7ado pelo Governo do Cear\u00e1 em 2021, destinar\u00e1 R$ 20 milh\u00f5es para fomentar neg\u00f3cios individuais ou coletivos.<\/p>\n\n\n\n<figure class=\"wp-block-image size-large\"><img loading=\"lazy\" decoding=\"async\" width=\"1024\" height=\"683\" src=\"https:\/\/blogdorogeriogomes.com.br\/wp-content\/uploads\/2023\/03\/230308_ENCONTRO-DIA-INTERNACIONAL-DA-MULHER_TF4936-copiar-1200x800-1-1024x683.jpg\" alt=\"\" class=\"wp-image-28605\" srcset=\"https:\/\/blogdorogeriogomes.com.br\/noticias\/wp-content\/uploads\/2023\/03\/230308_ENCONTRO-DIA-INTERNACIONAL-DA-MULHER_TF4936-copiar-1200x800-1-1024x683.jpg 1024w, https:\/\/blogdorogeriogomes.com.br\/noticias\/wp-content\/uploads\/2023\/03\/230308_ENCONTRO-DIA-INTERNACIONAL-DA-MULHER_TF4936-copiar-1200x800-1-300x200.jpg 300w, https:\/\/blogdorogeriogomes.com.br\/noticias\/wp-content\/uploads\/2023\/03\/230308_ENCONTRO-DIA-INTERNACIONAL-DA-MULHER_TF4936-copiar-1200x800-1-768x512.jpg 768w, https:\/\/blogdorogeriogomes.com.br\/noticias\/wp-content\/uploads\/2023\/03\/230308_ENCONTRO-DIA-INTERNACIONAL-DA-MULHER_TF4936-copiar-1200x800-1-800x533.jpg 800w, https:\/\/blogdorogeriogomes.com.br\/noticias\/wp-content\/uploads\/2023\/03\/230308_ENCONTRO-DIA-INTERNACIONAL-DA-MULHER_TF4936-copiar-1200x800-1.jpg 1200w\" sizes=\"auto, (max-width: 1024px) 100vw, 1024px\" \/><\/figure>\n","protected":false},"excerpt":{"rendered":"<p>O Governo do Cear\u00e1 anunciou, neste dia 8 de Mar\u00e7o, uma s\u00e9rie de iniciativas para promover a prote\u00e7\u00e3o e autonomia das mulheres: in\u00edcio da constru\u00e7\u00e3o de mais duas Casas da Mulher Cearense, implanta\u00e7\u00e3o das Patrulhas Maria da Penha, instala\u00e7\u00e3o do Comit\u00ea Estadual de Enfrentamento \u00e0 Viol\u00eancia contra a Mulher e Combate ao Feminic\u00eddio, Programa Cear\u00e1 Credi Mulher e cria\u00e7\u00e3o do selo de equidade de g\u00eanero e ra\u00e7a para organiza\u00e7\u00f5es p\u00fablicas e privadas. Os an\u00fancios foram feitos pela vice-governadora e&hellip;<\/p>\n","protected":false},"author":1,"featured_media":28605,"comment_status":"open","ping_status":"open","sticky":false,"template":"","format":"standard","meta":{"footnotes":""},"categories":[1],"tags":[],"class_list":["post-28604","post","type-post","status-publish","format-standard","has-post-thumbnail","hentry","category-noticias"],"_links":{"self":[{"href":"https:\/\/blogdorogeriogomes.com.br\/noticias\/wp-json\/wp\/v2\/posts\/28604","targetHints":{"allow":["GET"]}}],"collection":[{"href":"https:\/\/blogdorogeriogomes.com.br\/noticias\/wp-json\/wp\/v2\/posts"}],"about":[{"href":"https:\/\/blogdorogeriogomes.com.br\/noticias\/wp-json\/wp\/v2\/types\/post"}],"author":[{"embeddable":true,"href":"https:\/\/blogdorogeriogomes.com.br\/noticias\/wp-json\/wp\/v2\/users\/1"}],"replies":[{"embeddable":true,"href":"https:\/\/blogdorogeriogomes.com.br\/noticias\/wp-json\/wp\/v2\/comments?post=28604"}],"version-history":[{"count":1,"href":"https:\/\/blogdorogeriogomes.com.br\/noticias\/wp-json\/wp\/v2\/posts\/28604\/revisions"}],"predecessor-version":[{"id":28606,"href":"https:\/\/blogdorogeriogomes.com.br\/noticias\/wp-json\/wp\/v2\/posts\/28604\/revisions\/28606"}],"wp:featuredmedia":[{"embeddable":true,"href":"https:\/\/blogdorogeriogomes.com.br\/noticias\/wp-json\/wp\/v2\/media\/28605"}],"wp:attachment":[{"href":"https:\/\/blogdorogeriogomes.com.br\/noticias\/wp-json\/wp\/v2\/media?parent=28604"}],"wp:term":[{"taxonomy":"category","embeddable":true,"href":"https:\/\/blogdorogeriogomes.com.br\/noticias\/wp-json\/wp\/v2\/categories?post=28604"},{"taxonomy":"post_tag","embeddable":true,"href":"https:\/\/blogdorogeriogomes.com.br\/noticias\/wp-json\/wp\/v2\/tags?post=28604"}],"curies":[{"name":"wp","href":"https:\/\/api.w.org\/{rel}","templated":true}]}}