{"id":28607,"date":"2023-03-08T22:49:41","date_gmt":"2023-03-08T22:49:41","guid":{"rendered":"https:\/\/blogdorogeriogomes.com.br\/?p=28607"},"modified":"2023-03-10T19:14:06","modified_gmt":"2023-03-10T19:14:06","slug":"presidente-gardel-rolim-autoriza-estudos-para-criar-procuradoria-da-mulher-na-camara-municipal-de-fortaleza","status":"publish","type":"post","link":"https:\/\/blogdorogeriogomes.com.br\/noticias\/2023\/03\/presidente-gardel-rolim-autoriza-estudos-para-criar-procuradoria-da-mulher-na-camara-municipal-de-fortaleza\/","title":{"rendered":"Presidente Gardel Rolim autoriza estudos para criar Procuradoria da Mulher na C\u00e2mara Municipal de Fortaleza"},"content":{"rendered":"\n<p>O presidente da C\u00e2mara Municipal de Fortaleza, vereador Gardel Rolim (PDT), autorizou a realiza\u00e7\u00e3o de estudos t\u00e9cnicos para viabilizar a cria\u00e7\u00e3o da Procuradoria da Mulher na Casa. O an\u00fancio ocorreu durante o evento &#8220;Inspira\u00e7\u00e3o Mulher&#8221;, realizado nesta quarta-feira, dia 8 de mar\u00e7o, em homenagem ao Dia Internacional da Mulher.<\/p>\n\n\n\n<p>No Poder Legislativo, a Procuradoria da Mulher tem a fun\u00e7\u00e3o de garantir participa\u00e7\u00e3o mais efetiva das parlamentares nas atividades da Casa, al\u00e9m de fiscalizar e acompanhar programas do Poder Executivo, receber den\u00fancias de discrimina\u00e7\u00e3o e viol\u00eancia contra a mulher e cooperar entidades de defesa dos direitos das mulheres.<\/p>\n\n\n\n<p>A declara\u00e7\u00e3o ocorreu na abertura da palestra da secret\u00e1ria dos Direitos Humanos do Cear\u00e1, Socorro Fran\u00e7a, que teve como tema \u201cA trajet\u00f3ria da mulher nos \u00faltimos 60 anos ap\u00f3s sua capacidade civil absoluta\u201d. A gestora destacou a import\u00e2ncia dos mais diversos mecanismos oficiais para acolher as mulheres v\u00edtimas de viola\u00e7\u00e3o de direitos, entre as quais a Casa da Mulher Brasileira e as delegacias especializadas.<\/p>\n\n\n\n<figure class=\"wp-block-image size-large\"><img loading=\"lazy\" decoding=\"async\" width=\"1024\" height=\"682\" src=\"https:\/\/blogdorogeriogomes.com.br\/wp-content\/uploads\/2023\/03\/IMG-20230308-WA0107-1024x682.jpg\" alt=\"\" class=\"wp-image-28608\" srcset=\"https:\/\/blogdorogeriogomes.com.br\/noticias\/wp-content\/uploads\/2023\/03\/IMG-20230308-WA0107-1024x682.jpg 1024w, https:\/\/blogdorogeriogomes.com.br\/noticias\/wp-content\/uploads\/2023\/03\/IMG-20230308-WA0107-300x200.jpg 300w, https:\/\/blogdorogeriogomes.com.br\/noticias\/wp-content\/uploads\/2023\/03\/IMG-20230308-WA0107-768x512.jpg 768w, https:\/\/blogdorogeriogomes.com.br\/noticias\/wp-content\/uploads\/2023\/03\/IMG-20230308-WA0107-1536x1023.jpg 1536w, https:\/\/blogdorogeriogomes.com.br\/noticias\/wp-content\/uploads\/2023\/03\/IMG-20230308-WA0107-800x533.jpg 800w, https:\/\/blogdorogeriogomes.com.br\/noticias\/wp-content\/uploads\/2023\/03\/IMG-20230308-WA0107.jpg 1600w\" sizes=\"auto, (max-width: 1024px) 100vw, 1024px\" \/><\/figure>\n\n\n\n<p><\/p>\n\n\n\n<p><\/p>\n","protected":false},"excerpt":{"rendered":"<p>O presidente da C\u00e2mara Municipal de Fortaleza, vereador Gardel Rolim (PDT), autorizou a realiza\u00e7\u00e3o de estudos t\u00e9cnicos para viabilizar a cria\u00e7\u00e3o da Procuradoria da Mulher na Casa. O an\u00fancio ocorreu durante o evento &#8220;Inspira\u00e7\u00e3o Mulher&#8221;, realizado nesta quarta-feira, dia 8 de mar\u00e7o, em homenagem ao Dia Internacional da Mulher. No Poder Legislativo, a Procuradoria da Mulher tem a fun\u00e7\u00e3o de garantir participa\u00e7\u00e3o mais efetiva das parlamentares nas atividades da Casa, al\u00e9m de fiscalizar e acompanhar programas do Poder Executivo,&hellip;<\/p>\n","protected":false},"author":1,"featured_media":28608,"comment_status":"open","ping_status":"open","sticky":false,"template":"","format":"standard","meta":{"footnotes":""},"categories":[1],"tags":[],"class_list":["post-28607","post","type-post","status-publish","format-standard","has-post-thumbnail","hentry","category-noticias"],"_links":{"self":[{"href":"https:\/\/blogdorogeriogomes.com.br\/noticias\/wp-json\/wp\/v2\/posts\/28607","targetHints":{"allow":["GET"]}}],"collection":[{"href":"https:\/\/blogdorogeriogomes.com.br\/noticias\/wp-json\/wp\/v2\/posts"}],"about":[{"href":"https:\/\/blogdorogeriogomes.com.br\/noticias\/wp-json\/wp\/v2\/types\/post"}],"author":[{"embeddable":true,"href":"https:\/\/blogdorogeriogomes.com.br\/noticias\/wp-json\/wp\/v2\/users\/1"}],"replies":[{"embeddable":true,"href":"https:\/\/blogdorogeriogomes.com.br\/noticias\/wp-json\/wp\/v2\/comments?post=28607"}],"version-history":[{"count":1,"href":"https:\/\/blogdorogeriogomes.com.br\/noticias\/wp-json\/wp\/v2\/posts\/28607\/revisions"}],"predecessor-version":[{"id":28609,"href":"https:\/\/blogdorogeriogomes.com.br\/noticias\/wp-json\/wp\/v2\/posts\/28607\/revisions\/28609"}],"wp:featuredmedia":[{"embeddable":true,"href":"https:\/\/blogdorogeriogomes.com.br\/noticias\/wp-json\/wp\/v2\/media\/28608"}],"wp:attachment":[{"href":"https:\/\/blogdorogeriogomes.com.br\/noticias\/wp-json\/wp\/v2\/media?parent=28607"}],"wp:term":[{"taxonomy":"category","embeddable":true,"href":"https:\/\/blogdorogeriogomes.com.br\/noticias\/wp-json\/wp\/v2\/categories?post=28607"},{"taxonomy":"post_tag","embeddable":true,"href":"https:\/\/blogdorogeriogomes.com.br\/noticias\/wp-json\/wp\/v2\/tags?post=28607"}],"curies":[{"name":"wp","href":"https:\/\/api.w.org\/{rel}","templated":true}]}}