{"id":28610,"date":"2023-03-09T10:29:49","date_gmt":"2023-03-09T10:29:49","guid":{"rendered":"https:\/\/blogdorogeriogomes.com.br\/?p=28610"},"modified":"2023-03-10T19:13:59","modified_gmt":"2023-03-10T19:13:59","slug":"lula-assina-projeto-que-preve-igualdade-salarial-entre-homens-e-mulheres","status":"publish","type":"post","link":"https:\/\/blogdorogeriogomes.com.br\/noticias\/2023\/03\/lula-assina-projeto-que-preve-igualdade-salarial-entre-homens-e-mulheres\/","title":{"rendered":"Lula assina projeto que prev\u00ea igualdade salarial entre homens e mulheres"},"content":{"rendered":"\n<p>No Dia Internacional da Mulher, o presidente&nbsp;Lula (PT) enviou um projeto de lei para promover equidade salarial entre g\u00eanero para uma mesma fun\u00e7\u00e3o, al\u00e9m de uma s\u00e9rie de pol\u00edticas p\u00fablicas voltadas \u00e0s mulheres.<\/p>\n\n\n\n<p>O texto remetido ao Congresso Nacional prev\u00ea medidas para que as empresas tenham mais transpar\u00eancia remunerat\u00f3ria e busca ampliar os mecanismos de fiscaliza\u00e7\u00e3o e o combate \u00e0 discrimina\u00e7\u00e3o das mulheres no ambiente de trabalho, al\u00e9m do fomento \u00e0 igualdade de oportunidades entre g\u00eaneros.<\/p>\n\n\n\n<p>As medidas anunciadas tamb\u00e9m incluem a cria\u00e7\u00e3o de um eixo espec\u00edfico destinado ao enfrentamento \u00e0 viol\u00eancia das mulheres no Programa Nacional de Seguran\u00e7a P\u00fablica com Cidadania; a constru\u00e7\u00e3o de creches para facilitar a participa\u00e7\u00e3o de mulheres m\u00e3es no mercado de trabalho; a determina\u00e7\u00e3o de paridade de g\u00eanero nas comiss\u00f5es e conselhos de \u00f3rg\u00e3os p\u00fablicos; por linhas de cr\u00e9dito destinadas a mulheres empreendedoras; a garantia da sa\u00fade menstrual de mulheres e meninas; e a ratifica\u00e7\u00e3o de conven\u00e7\u00f5es internacionais que assegurem o enfrentamento a viol\u00eancias que atinjam mulheres no mercado de trabalho.&nbsp;<\/p>\n\n\n\n<figure class=\"wp-block-image size-full\"><img loading=\"lazy\" decoding=\"async\" width=\"739\" height=\"415\" src=\"https:\/\/blogdorogeriogomes.com.br\/wp-content\/uploads\/2023\/03\/images-14.jpeg\" alt=\"\" class=\"wp-image-28611\" srcset=\"https:\/\/blogdorogeriogomes.com.br\/noticias\/wp-content\/uploads\/2023\/03\/images-14.jpeg 739w, https:\/\/blogdorogeriogomes.com.br\/noticias\/wp-content\/uploads\/2023\/03\/images-14-300x168.jpeg 300w\" sizes=\"auto, (max-width: 739px) 100vw, 739px\" \/><\/figure>\n","protected":false},"excerpt":{"rendered":"<p>No Dia Internacional da Mulher, o presidente&nbsp;Lula (PT) enviou um projeto de lei para promover equidade salarial entre g\u00eanero para uma mesma fun\u00e7\u00e3o, al\u00e9m de uma s\u00e9rie de pol\u00edticas p\u00fablicas voltadas \u00e0s mulheres. O texto remetido ao Congresso Nacional prev\u00ea medidas para que as empresas tenham mais transpar\u00eancia remunerat\u00f3ria e busca ampliar os mecanismos de fiscaliza\u00e7\u00e3o e o combate \u00e0 discrimina\u00e7\u00e3o das mulheres no ambiente de trabalho, al\u00e9m do fomento \u00e0 igualdade de oportunidades entre g\u00eaneros. As medidas anunciadas&hellip;<\/p>\n","protected":false},"author":1,"featured_media":28611,"comment_status":"open","ping_status":"open","sticky":false,"template":"","format":"standard","meta":{"footnotes":""},"categories":[1],"tags":[],"class_list":["post-28610","post","type-post","status-publish","format-standard","has-post-thumbnail","hentry","category-noticias"],"_links":{"self":[{"href":"https:\/\/blogdorogeriogomes.com.br\/noticias\/wp-json\/wp\/v2\/posts\/28610","targetHints":{"allow":["GET"]}}],"collection":[{"href":"https:\/\/blogdorogeriogomes.com.br\/noticias\/wp-json\/wp\/v2\/posts"}],"about":[{"href":"https:\/\/blogdorogeriogomes.com.br\/noticias\/wp-json\/wp\/v2\/types\/post"}],"author":[{"embeddable":true,"href":"https:\/\/blogdorogeriogomes.com.br\/noticias\/wp-json\/wp\/v2\/users\/1"}],"replies":[{"embeddable":true,"href":"https:\/\/blogdorogeriogomes.com.br\/noticias\/wp-json\/wp\/v2\/comments?post=28610"}],"version-history":[{"count":2,"href":"https:\/\/blogdorogeriogomes.com.br\/noticias\/wp-json\/wp\/v2\/posts\/28610\/revisions"}],"predecessor-version":[{"id":28631,"href":"https:\/\/blogdorogeriogomes.com.br\/noticias\/wp-json\/wp\/v2\/posts\/28610\/revisions\/28631"}],"wp:featuredmedia":[{"embeddable":true,"href":"https:\/\/blogdorogeriogomes.com.br\/noticias\/wp-json\/wp\/v2\/media\/28611"}],"wp:attachment":[{"href":"https:\/\/blogdorogeriogomes.com.br\/noticias\/wp-json\/wp\/v2\/media?parent=28610"}],"wp:term":[{"taxonomy":"category","embeddable":true,"href":"https:\/\/blogdorogeriogomes.com.br\/noticias\/wp-json\/wp\/v2\/categories?post=28610"},{"taxonomy":"post_tag","embeddable":true,"href":"https:\/\/blogdorogeriogomes.com.br\/noticias\/wp-json\/wp\/v2\/tags?post=28610"}],"curies":[{"name":"wp","href":"https:\/\/api.w.org\/{rel}","templated":true}]}}