{"id":28613,"date":"2023-03-09T10:56:43","date_gmt":"2023-03-09T10:56:43","guid":{"rendered":"https:\/\/blogdorogeriogomes.com.br\/?p=28613"},"modified":"2023-03-10T19:13:52","modified_gmt":"2023-03-10T19:13:52","slug":"vereadores-da-capital-aprovam-emprestimo-de-r-1-bilhao-e-200-milhoes-para-prefeitura-de-fortaleza","status":"publish","type":"post","link":"https:\/\/blogdorogeriogomes.com.br\/noticias\/2023\/03\/vereadores-da-capital-aprovam-emprestimo-de-r-1-bilhao-e-200-milhoes-para-prefeitura-de-fortaleza\/","title":{"rendered":"Vereadores da Capital aprovam empr\u00e9stimo de R$ 1 bilh\u00e3o e 200 milh\u00f5es para Prefeitura de Fortaleza"},"content":{"rendered":"\n<p>A C\u00e2mara Municipal de Fortaleza autorizou, nesta quarta-feira, dia 8 de mar\u00e7o, a pedido do prefeito Jos\u00e9 Sarto (PDT), para que o munic\u00edpio pe\u00e7a empr\u00e9stimos de at\u00e9 R$ 1 bilh\u00e3o e 200 milh\u00f5es de reais para pagar despesas e custear programas de pol\u00edticas p\u00fablicas. O projeto foi aprovado em regime de urg\u00eancia, oito dias ap\u00f3s dar entrada na Casa.&nbsp;<\/p>\n\n\n\n<p>Um dos documentos pede autoriza\u00e7\u00e3o para um empr\u00e9stimo de at\u00e9 R$ 600 milh\u00f5es ao Banco do Brasil, outro requer R$ 250 milh\u00f5es junto \u00e0 Caixa Econ\u00f4mica Federal e um terceiro de R$ 400 milh\u00f5es com &#8220;institui\u00e7\u00f5es financeiras selecionadas em chamada p\u00fablica&#8221;.<\/p>\n\n\n\n<p>As discuss\u00f5es em torno do pedido de empr\u00e9stimo contaram interven\u00e7\u00f5es da base do prefeito, ex-aliados de Sarto e a oposi\u00e7\u00e3o na C\u00e2mara. Vereadores contr\u00e1rios ao projeto criticaram a discuss\u00e3o em regime de urg\u00eancia.<\/p>\n\n\n\n<figure class=\"wp-block-image size-full\"><img loading=\"lazy\" decoding=\"async\" width=\"818\" height=\"459\" src=\"https:\/\/blogdorogeriogomes.com.br\/wp-content\/uploads\/2023\/03\/1_plenario-20525636.jpg\" alt=\"\" class=\"wp-image-28614\" srcset=\"https:\/\/blogdorogeriogomes.com.br\/noticias\/wp-content\/uploads\/2023\/03\/1_plenario-20525636.jpg 818w, https:\/\/blogdorogeriogomes.com.br\/noticias\/wp-content\/uploads\/2023\/03\/1_plenario-20525636-300x168.jpg 300w, https:\/\/blogdorogeriogomes.com.br\/noticias\/wp-content\/uploads\/2023\/03\/1_plenario-20525636-768x431.jpg 768w, https:\/\/blogdorogeriogomes.com.br\/noticias\/wp-content\/uploads\/2023\/03\/1_plenario-20525636-800x449.jpg 800w\" sizes=\"auto, (max-width: 818px) 100vw, 818px\" \/><\/figure>\n","protected":false},"excerpt":{"rendered":"<p>A C\u00e2mara Municipal de Fortaleza autorizou, nesta quarta-feira, dia 8 de mar\u00e7o, a pedido do prefeito Jos\u00e9 Sarto (PDT), para que o munic\u00edpio pe\u00e7a empr\u00e9stimos de at\u00e9 R$ 1 bilh\u00e3o e 200 milh\u00f5es de reais para pagar despesas e custear programas de pol\u00edticas p\u00fablicas. O projeto foi aprovado em regime de urg\u00eancia, oito dias ap\u00f3s dar entrada na Casa.&nbsp; Um dos documentos pede autoriza\u00e7\u00e3o para um empr\u00e9stimo de at\u00e9 R$ 600 milh\u00f5es ao Banco do Brasil, outro requer R$&hellip;<\/p>\n","protected":false},"author":1,"featured_media":28614,"comment_status":"open","ping_status":"open","sticky":false,"template":"","format":"standard","meta":{"footnotes":""},"categories":[1],"tags":[],"class_list":["post-28613","post","type-post","status-publish","format-standard","has-post-thumbnail","hentry","category-noticias"],"_links":{"self":[{"href":"https:\/\/blogdorogeriogomes.com.br\/noticias\/wp-json\/wp\/v2\/posts\/28613","targetHints":{"allow":["GET"]}}],"collection":[{"href":"https:\/\/blogdorogeriogomes.com.br\/noticias\/wp-json\/wp\/v2\/posts"}],"about":[{"href":"https:\/\/blogdorogeriogomes.com.br\/noticias\/wp-json\/wp\/v2\/types\/post"}],"author":[{"embeddable":true,"href":"https:\/\/blogdorogeriogomes.com.br\/noticias\/wp-json\/wp\/v2\/users\/1"}],"replies":[{"embeddable":true,"href":"https:\/\/blogdorogeriogomes.com.br\/noticias\/wp-json\/wp\/v2\/comments?post=28613"}],"version-history":[{"count":2,"href":"https:\/\/blogdorogeriogomes.com.br\/noticias\/wp-json\/wp\/v2\/posts\/28613\/revisions"}],"predecessor-version":[{"id":28630,"href":"https:\/\/blogdorogeriogomes.com.br\/noticias\/wp-json\/wp\/v2\/posts\/28613\/revisions\/28630"}],"wp:featuredmedia":[{"embeddable":true,"href":"https:\/\/blogdorogeriogomes.com.br\/noticias\/wp-json\/wp\/v2\/media\/28614"}],"wp:attachment":[{"href":"https:\/\/blogdorogeriogomes.com.br\/noticias\/wp-json\/wp\/v2\/media?parent=28613"}],"wp:term":[{"taxonomy":"category","embeddable":true,"href":"https:\/\/blogdorogeriogomes.com.br\/noticias\/wp-json\/wp\/v2\/categories?post=28613"},{"taxonomy":"post_tag","embeddable":true,"href":"https:\/\/blogdorogeriogomes.com.br\/noticias\/wp-json\/wp\/v2\/tags?post=28613"}],"curies":[{"name":"wp","href":"https:\/\/api.w.org\/{rel}","templated":true}]}}