{"id":28619,"date":"2023-03-10T00:31:27","date_gmt":"2023-03-10T00:31:27","guid":{"rendered":"https:\/\/blogdorogeriogomes.com.br\/?p=28619"},"modified":"2023-03-10T19:13:36","modified_gmt":"2023-03-10T19:13:36","slug":"lula-e-camilo-santana-anunciam-nesta-sexta-feira-reajuste-na-merenda-escolar","status":"publish","type":"post","link":"https:\/\/blogdorogeriogomes.com.br\/noticias\/2023\/03\/lula-e-camilo-santana-anunciam-nesta-sexta-feira-reajuste-na-merenda-escolar\/","title":{"rendered":"Lula e Camilo Santana anunciam nesta sexta-feira reajuste na merenda escolar"},"content":{"rendered":"\n<p>O presidente Luiz In\u00e1cio Lula da Silva (PT) e o ministro da Educa\u00e7\u00e3o, Camilo Santana, v\u00e3o anunciar nesta sexta-feira, dia 10 de mar\u00e7o, em Bras\u00edlia, o percentual de reajuste nos valores da merenda escolar na rede p\u00fablica de ensino, congelados h\u00e1 cerca de seis anos.<\/p>\n\n\n\n<p>Os recursos s\u00e3o repassados para estados e munic\u00edpios por meio do Programa Nacional de Alimenta\u00e7\u00e3o Escolar. Segundo apura\u00e7\u00e3o do jornal Folga de S. Paulo, o aumento deve ser de at\u00e9 39%.<\/p>\n\n\n\n<p>Nesta quinta-feira, dia 9, Camilo Santana se reuniu com Lula para discutir pautas priorit\u00e1rias da educa\u00e7\u00e3o no Pa\u00eds. Camilo disse: &#8220;Conversamos sobre nosso projeto para garantir a alfabetiza\u00e7\u00e3o das crian\u00e7as brasileiras na idade correta e ampliar o acesso dos nossos estudantes \u00e0s escolas de tempo integral. Tamb\u00e9m apresentei as propostas do MEC para levar conectividade \u00e0s escolas p\u00fablicas brasileiras e nosso plano para retomada de obras, entregando ao povo brasileiro novas escolas e institui\u00e7\u00f5es de ensino superior&#8221;.<\/p>\n\n\n\n<figure class=\"wp-block-image size-full\"><img loading=\"lazy\" decoding=\"async\" width=\"667\" height=\"502\" src=\"https:\/\/blogdorogeriogomes.com.br\/wp-content\/uploads\/2023\/03\/IMG-20230309-WA0233.jpg\" alt=\"\" class=\"wp-image-28620\" srcset=\"https:\/\/blogdorogeriogomes.com.br\/noticias\/wp-content\/uploads\/2023\/03\/IMG-20230309-WA0233.jpg 667w, https:\/\/blogdorogeriogomes.com.br\/noticias\/wp-content\/uploads\/2023\/03\/IMG-20230309-WA0233-300x226.jpg 300w, https:\/\/blogdorogeriogomes.com.br\/noticias\/wp-content\/uploads\/2023\/03\/IMG-20230309-WA0233-400x300.jpg 400w\" sizes=\"auto, (max-width: 667px) 100vw, 667px\" \/><\/figure>\n\n\n\n<p><\/p>\n","protected":false},"excerpt":{"rendered":"<p>O presidente Luiz In\u00e1cio Lula da Silva (PT) e o ministro da Educa\u00e7\u00e3o, Camilo Santana, v\u00e3o anunciar nesta sexta-feira, dia 10 de mar\u00e7o, em Bras\u00edlia, o percentual de reajuste nos valores da merenda escolar na rede p\u00fablica de ensino, congelados h\u00e1 cerca de seis anos. Os recursos s\u00e3o repassados para estados e munic\u00edpios por meio do Programa Nacional de Alimenta\u00e7\u00e3o Escolar. Segundo apura\u00e7\u00e3o do jornal Folga de S. Paulo, o aumento deve ser de at\u00e9 39%. Nesta quinta-feira, dia&hellip;<\/p>\n","protected":false},"author":1,"featured_media":28620,"comment_status":"open","ping_status":"open","sticky":false,"template":"","format":"standard","meta":{"footnotes":""},"categories":[1],"tags":[],"class_list":["post-28619","post","type-post","status-publish","format-standard","has-post-thumbnail","hentry","category-noticias"],"_links":{"self":[{"href":"https:\/\/blogdorogeriogomes.com.br\/noticias\/wp-json\/wp\/v2\/posts\/28619","targetHints":{"allow":["GET"]}}],"collection":[{"href":"https:\/\/blogdorogeriogomes.com.br\/noticias\/wp-json\/wp\/v2\/posts"}],"about":[{"href":"https:\/\/blogdorogeriogomes.com.br\/noticias\/wp-json\/wp\/v2\/types\/post"}],"author":[{"embeddable":true,"href":"https:\/\/blogdorogeriogomes.com.br\/noticias\/wp-json\/wp\/v2\/users\/1"}],"replies":[{"embeddable":true,"href":"https:\/\/blogdorogeriogomes.com.br\/noticias\/wp-json\/wp\/v2\/comments?post=28619"}],"version-history":[{"count":1,"href":"https:\/\/blogdorogeriogomes.com.br\/noticias\/wp-json\/wp\/v2\/posts\/28619\/revisions"}],"predecessor-version":[{"id":28621,"href":"https:\/\/blogdorogeriogomes.com.br\/noticias\/wp-json\/wp\/v2\/posts\/28619\/revisions\/28621"}],"wp:featuredmedia":[{"embeddable":true,"href":"https:\/\/blogdorogeriogomes.com.br\/noticias\/wp-json\/wp\/v2\/media\/28620"}],"wp:attachment":[{"href":"https:\/\/blogdorogeriogomes.com.br\/noticias\/wp-json\/wp\/v2\/media?parent=28619"}],"wp:term":[{"taxonomy":"category","embeddable":true,"href":"https:\/\/blogdorogeriogomes.com.br\/noticias\/wp-json\/wp\/v2\/categories?post=28619"},{"taxonomy":"post_tag","embeddable":true,"href":"https:\/\/blogdorogeriogomes.com.br\/noticias\/wp-json\/wp\/v2\/tags?post=28619"}],"curies":[{"name":"wp","href":"https:\/\/api.w.org\/{rel}","templated":true}]}}