{"id":28626,"date":"2023-03-10T13:09:52","date_gmt":"2023-03-10T13:09:52","guid":{"rendered":"https:\/\/blogdorogeriogomes.com.br\/?p=28626"},"modified":"2023-03-10T19:13:19","modified_gmt":"2023-03-10T19:13:19","slug":"produtores-cearenses-de-camarao-se-reunem-com-ministro-da-pesca-e-aquicultura-em-brasilia","status":"publish","type":"post","link":"https:\/\/blogdorogeriogomes.com.br\/noticias\/2023\/03\/produtores-cearenses-de-camarao-se-reunem-com-ministro-da-pesca-e-aquicultura-em-brasilia\/","title":{"rendered":"Produtores cearenses de camar\u00e3o se re\u00fanem com ministro da Pesca e Aquicultura em Bras\u00edlia"},"content":{"rendered":"\n<p>O Ministro da Pesca e Aquicultura, Andr\u00e9 de Paula, recebeu integrantes da Associacao de Produtores de Camar\u00e3o do Cear\u00e1 na sede do minist\u00e9rio, em Bras\u00edlia-DF. Representaram a associa\u00e7\u00e3o o professor Hiran Costa, diretor t\u00e9cnico, e Marcelo Carvalho, diretor financeiro da APCC.<br>As pautas tratadas foram o retorno das exporta\u00e7\u00f5es de camar\u00e3o brasileiro de cultivo para Europa e abertura do mercado da China para esse mesmo pescado.<\/p>\n\n\n\n<p>Tamb\u00e9m foi tratada a isen\u00e7\u00e3o de PIS e Cofins para a cadeia produtiva da carcinicultura, observa\u00e7\u00e3o da Instru\u00e7\u00e3o Normativa 02\/2018, nas autoriza\u00e7\u00f5es de importa\u00e7\u00f5es de pescados para o Brasil.<br>A ocasi\u00e3o permitiu ainda o convite ao ministro Andr\u00e9 de Paula para participar da ExpoCamar\u00e3o, evento que vai ocorrer dentro do PEC Nordeste 2023. O ministro confirmou presen\u00e7a no evento.<br>Tamb\u00e9m participaram do encontro o presidente da Federa\u00e7\u00e3o da Agricultura e Pecu\u00e1ria do Cear\u00e1 (FAEC), Am\u00edlcar Silveira; o presidente da Camar\u00e3o Potipor\u00e3, Cristiano Maia; o deputado federal Domingos Neto, al\u00e9m do produtor Henrique Almeida.<\/p>\n\n\n\n<figure class=\"wp-block-image size-large\"><img loading=\"lazy\" decoding=\"async\" width=\"1024\" height=\"682\" src=\"https:\/\/blogdorogeriogomes.com.br\/wp-content\/uploads\/2023\/03\/IMG-20230309-WA0085-1024x682.jpg\" alt=\"\" class=\"wp-image-28627\" srcset=\"https:\/\/blogdorogeriogomes.com.br\/noticias\/wp-content\/uploads\/2023\/03\/IMG-20230309-WA0085-1024x682.jpg 1024w, https:\/\/blogdorogeriogomes.com.br\/noticias\/wp-content\/uploads\/2023\/03\/IMG-20230309-WA0085-300x200.jpg 300w, https:\/\/blogdorogeriogomes.com.br\/noticias\/wp-content\/uploads\/2023\/03\/IMG-20230309-WA0085-768x512.jpg 768w, https:\/\/blogdorogeriogomes.com.br\/noticias\/wp-content\/uploads\/2023\/03\/IMG-20230309-WA0085-1536x1023.jpg 1536w, https:\/\/blogdorogeriogomes.com.br\/noticias\/wp-content\/uploads\/2023\/03\/IMG-20230309-WA0085-800x533.jpg 800w, https:\/\/blogdorogeriogomes.com.br\/noticias\/wp-content\/uploads\/2023\/03\/IMG-20230309-WA0085.jpg 1600w\" sizes=\"auto, (max-width: 1024px) 100vw, 1024px\" \/><\/figure>\n","protected":false},"excerpt":{"rendered":"<p>O Ministro da Pesca e Aquicultura, Andr\u00e9 de Paula, recebeu integrantes da Associacao de Produtores de Camar\u00e3o do Cear\u00e1 na sede do minist\u00e9rio, em Bras\u00edlia-DF. Representaram a associa\u00e7\u00e3o o professor Hiran Costa, diretor t\u00e9cnico, e Marcelo Carvalho, diretor financeiro da APCC.As pautas tratadas foram o retorno das exporta\u00e7\u00f5es de camar\u00e3o brasileiro de cultivo para Europa e abertura do mercado da China para esse mesmo pescado. Tamb\u00e9m foi tratada a isen\u00e7\u00e3o de PIS e Cofins para a cadeia produtiva da&hellip;<\/p>\n","protected":false},"author":1,"featured_media":28627,"comment_status":"open","ping_status":"open","sticky":false,"template":"","format":"standard","meta":{"footnotes":""},"categories":[1],"tags":[],"class_list":["post-28626","post","type-post","status-publish","format-standard","has-post-thumbnail","hentry","category-noticias"],"_links":{"self":[{"href":"https:\/\/blogdorogeriogomes.com.br\/noticias\/wp-json\/wp\/v2\/posts\/28626","targetHints":{"allow":["GET"]}}],"collection":[{"href":"https:\/\/blogdorogeriogomes.com.br\/noticias\/wp-json\/wp\/v2\/posts"}],"about":[{"href":"https:\/\/blogdorogeriogomes.com.br\/noticias\/wp-json\/wp\/v2\/types\/post"}],"author":[{"embeddable":true,"href":"https:\/\/blogdorogeriogomes.com.br\/noticias\/wp-json\/wp\/v2\/users\/1"}],"replies":[{"embeddable":true,"href":"https:\/\/blogdorogeriogomes.com.br\/noticias\/wp-json\/wp\/v2\/comments?post=28626"}],"version-history":[{"count":1,"href":"https:\/\/blogdorogeriogomes.com.br\/noticias\/wp-json\/wp\/v2\/posts\/28626\/revisions"}],"predecessor-version":[{"id":28628,"href":"https:\/\/blogdorogeriogomes.com.br\/noticias\/wp-json\/wp\/v2\/posts\/28626\/revisions\/28628"}],"wp:featuredmedia":[{"embeddable":true,"href":"https:\/\/blogdorogeriogomes.com.br\/noticias\/wp-json\/wp\/v2\/media\/28627"}],"wp:attachment":[{"href":"https:\/\/blogdorogeriogomes.com.br\/noticias\/wp-json\/wp\/v2\/media?parent=28626"}],"wp:term":[{"taxonomy":"category","embeddable":true,"href":"https:\/\/blogdorogeriogomes.com.br\/noticias\/wp-json\/wp\/v2\/categories?post=28626"},{"taxonomy":"post_tag","embeddable":true,"href":"https:\/\/blogdorogeriogomes.com.br\/noticias\/wp-json\/wp\/v2\/tags?post=28626"}],"curies":[{"name":"wp","href":"https:\/\/api.w.org\/{rel}","templated":true}]}}