{"id":28634,"date":"2023-03-10T21:12:20","date_gmt":"2023-03-10T21:12:20","guid":{"rendered":"https:\/\/blogdorogeriogomes.com.br\/?p=28634"},"modified":"2023-03-13T14:40:12","modified_gmt":"2023-03-13T14:40:12","slug":"fernando-haddad-anuncia-r-269-bilhoes-para-compensar-perdas-dos-estados-com-icms","status":"publish","type":"post","link":"https:\/\/blogdorogeriogomes.com.br\/noticias\/2023\/03\/fernando-haddad-anuncia-r-269-bilhoes-para-compensar-perdas-dos-estados-com-icms\/","title":{"rendered":"Fernando Haddad anuncia R$ 26,9 bilh\u00f5es para compensar perdas dos estados com ICMS"},"content":{"rendered":"\n<p>O ministro da Fazenda, Fernando Haddad, anunciou nesta sexta-feira, dia 10 de mar\u00e7o, R$ 26,9 bilh\u00f5es para compensar perdas de arrecada\u00e7\u00e3o dos estados com a redu\u00e7\u00e3o da al\u00edquota do ICMS incidente sobre combust\u00edveis e outros itens.<\/p>\n\n\n\n<p>Segundo o ministro, o montante anunciado \u00e9 resultado de um acordo com os governadores dos estados. Os valores ser\u00e3o abatidos das d\u00edvidas dos estados com a Uni\u00e3o. Os estados que n\u00e3o t\u00eam d\u00e9bitos receber\u00e3o aportes de recursos.<\/p>\n\n\n\n<p>No ano passado, o governo&nbsp;do ex-presidente Jair Bolsonaro sancionou uma lei que classificou como essenciais itens como diesel, gasolina, energia el\u00e9trica, comunica\u00e7\u00f5es e transporte coletivo. Assim, foi fixado um teto para a cobran\u00e7a de ICMS sobre esses produtos e servi\u00e7os. O objetivo foi reduzir os pre\u00e7os, em especial os dos combust\u00edveis, em um ano eleitoral.<\/p>\n\n\n\n<figure class=\"wp-block-image size-full\"><img loading=\"lazy\" decoding=\"async\" width=\"716\" height=\"428\" src=\"https:\/\/blogdorogeriogomes.com.br\/wp-content\/uploads\/2023\/03\/images-16.jpeg\" alt=\"\" class=\"wp-image-28635\" srcset=\"https:\/\/blogdorogeriogomes.com.br\/noticias\/wp-content\/uploads\/2023\/03\/images-16.jpeg 716w, https:\/\/blogdorogeriogomes.com.br\/noticias\/wp-content\/uploads\/2023\/03\/images-16-300x179.jpeg 300w\" sizes=\"auto, (max-width: 716px) 100vw, 716px\" \/><\/figure>\n","protected":false},"excerpt":{"rendered":"<p>O ministro da Fazenda, Fernando Haddad, anunciou nesta sexta-feira, dia 10 de mar\u00e7o, R$ 26,9 bilh\u00f5es para compensar perdas de arrecada\u00e7\u00e3o dos estados com a redu\u00e7\u00e3o da al\u00edquota do ICMS incidente sobre combust\u00edveis e outros itens. Segundo o ministro, o montante anunciado \u00e9 resultado de um acordo com os governadores dos estados. Os valores ser\u00e3o abatidos das d\u00edvidas dos estados com a Uni\u00e3o. Os estados que n\u00e3o t\u00eam d\u00e9bitos receber\u00e3o aportes de recursos. No ano passado, o governo&nbsp;do ex-presidente&hellip;<\/p>\n","protected":false},"author":1,"featured_media":28635,"comment_status":"open","ping_status":"open","sticky":false,"template":"","format":"standard","meta":{"footnotes":""},"categories":[1],"tags":[],"class_list":["post-28634","post","type-post","status-publish","format-standard","has-post-thumbnail","hentry","category-noticias"],"_links":{"self":[{"href":"https:\/\/blogdorogeriogomes.com.br\/noticias\/wp-json\/wp\/v2\/posts\/28634","targetHints":{"allow":["GET"]}}],"collection":[{"href":"https:\/\/blogdorogeriogomes.com.br\/noticias\/wp-json\/wp\/v2\/posts"}],"about":[{"href":"https:\/\/blogdorogeriogomes.com.br\/noticias\/wp-json\/wp\/v2\/types\/post"}],"author":[{"embeddable":true,"href":"https:\/\/blogdorogeriogomes.com.br\/noticias\/wp-json\/wp\/v2\/users\/1"}],"replies":[{"embeddable":true,"href":"https:\/\/blogdorogeriogomes.com.br\/noticias\/wp-json\/wp\/v2\/comments?post=28634"}],"version-history":[{"count":2,"href":"https:\/\/blogdorogeriogomes.com.br\/noticias\/wp-json\/wp\/v2\/posts\/28634\/revisions"}],"predecessor-version":[{"id":28656,"href":"https:\/\/blogdorogeriogomes.com.br\/noticias\/wp-json\/wp\/v2\/posts\/28634\/revisions\/28656"}],"wp:featuredmedia":[{"embeddable":true,"href":"https:\/\/blogdorogeriogomes.com.br\/noticias\/wp-json\/wp\/v2\/media\/28635"}],"wp:attachment":[{"href":"https:\/\/blogdorogeriogomes.com.br\/noticias\/wp-json\/wp\/v2\/media?parent=28634"}],"wp:term":[{"taxonomy":"category","embeddable":true,"href":"https:\/\/blogdorogeriogomes.com.br\/noticias\/wp-json\/wp\/v2\/categories?post=28634"},{"taxonomy":"post_tag","embeddable":true,"href":"https:\/\/blogdorogeriogomes.com.br\/noticias\/wp-json\/wp\/v2\/tags?post=28634"}],"curies":[{"name":"wp","href":"https:\/\/api.w.org\/{rel}","templated":true}]}}