{"id":28643,"date":"2023-03-13T10:02:10","date_gmt":"2023-03-13T10:02:10","guid":{"rendered":"https:\/\/blogdorogeriogomes.com.br\/?p=28643"},"modified":"2023-03-13T14:39:47","modified_gmt":"2023-03-13T14:39:47","slug":"prefeito-jose-sarto-anuncia-investimentos-para-ampliar-rede-de-ensino-de-tempo-integral-em-fortaleza","status":"publish","type":"post","link":"https:\/\/blogdorogeriogomes.com.br\/noticias\/2023\/03\/prefeito-jose-sarto-anuncia-investimentos-para-ampliar-rede-de-ensino-de-tempo-integral-em-fortaleza\/","title":{"rendered":"Prefeito Jos\u00e9 Sarto anuncia investimentos para ampliar rede de ensino de tempo integral em Fortaleza"},"content":{"rendered":"\n<p>O prefeito de Fortaleza, Jos\u00e9 Sarto, anuncia nesta segunda-feira, dia 13 de mar\u00e7o, na Academia do Professor Darcy Ribeiro, um pacote de novos investimentos para ampliar a rede municipal de ensino em tempo integral.<\/p>\n\n\n\n<p>Os investimentos v\u00e3o contemplar a constru\u00e7\u00e3o de novos equipamentos, incluindo Escolas de Tempo Integral, Centros de Educa\u00e7\u00e3o Infantil e Escolas Areninha.<br>De acordo com dados do Censo Escolar 2022, divulgado pelo Instituto Nacional de Estudos e Pesquisas Educacionais An\u00edsio Teixeira (Inep), Fortaleza \u00e9 a capital brasileira com maior cobertura de matr\u00edculas em Tempo Integral do Brasil, com 57,9% de estudantes (134.572 alunos) beneficiados com a jornada ampliada. A capital cearense superou Curitiba, que ficou em 2\u00ba lugar com cobertura de 46%, e Rio de Janeiro, que registrou a marca de 35,5% de matr\u00edculas em tempo integral. Considerado apenas o Ensino Fundamental, a cobertura em Fortaleza \u00e9 de 64,4%.<\/p>\n\n\n\n<figure class=\"wp-block-image size-full\"><img loading=\"lazy\" decoding=\"async\" width=\"723\" height=\"424\" src=\"https:\/\/blogdorogeriogomes.com.br\/wp-content\/uploads\/2023\/03\/images-18.jpeg\" alt=\"\" class=\"wp-image-28644\" srcset=\"https:\/\/blogdorogeriogomes.com.br\/noticias\/wp-content\/uploads\/2023\/03\/images-18.jpeg 723w, https:\/\/blogdorogeriogomes.com.br\/noticias\/wp-content\/uploads\/2023\/03\/images-18-300x176.jpeg 300w\" sizes=\"auto, (max-width: 723px) 100vw, 723px\" \/><\/figure>\n\n\n\n<p><\/p>\n","protected":false},"excerpt":{"rendered":"<p>O prefeito de Fortaleza, Jos\u00e9 Sarto, anuncia nesta segunda-feira, dia 13 de mar\u00e7o, na Academia do Professor Darcy Ribeiro, um pacote de novos investimentos para ampliar a rede municipal de ensino em tempo integral. Os investimentos v\u00e3o contemplar a constru\u00e7\u00e3o de novos equipamentos, incluindo Escolas de Tempo Integral, Centros de Educa\u00e7\u00e3o Infantil e Escolas Areninha.De acordo com dados do Censo Escolar 2022, divulgado pelo Instituto Nacional de Estudos e Pesquisas Educacionais An\u00edsio Teixeira (Inep), Fortaleza \u00e9 a capital brasileira&hellip;<\/p>\n","protected":false},"author":1,"featured_media":28644,"comment_status":"open","ping_status":"open","sticky":false,"template":"","format":"standard","meta":{"footnotes":""},"categories":[1],"tags":[],"class_list":["post-28643","post","type-post","status-publish","format-standard","has-post-thumbnail","hentry","category-noticias"],"_links":{"self":[{"href":"https:\/\/blogdorogeriogomes.com.br\/noticias\/wp-json\/wp\/v2\/posts\/28643","targetHints":{"allow":["GET"]}}],"collection":[{"href":"https:\/\/blogdorogeriogomes.com.br\/noticias\/wp-json\/wp\/v2\/posts"}],"about":[{"href":"https:\/\/blogdorogeriogomes.com.br\/noticias\/wp-json\/wp\/v2\/types\/post"}],"author":[{"embeddable":true,"href":"https:\/\/blogdorogeriogomes.com.br\/noticias\/wp-json\/wp\/v2\/users\/1"}],"replies":[{"embeddable":true,"href":"https:\/\/blogdorogeriogomes.com.br\/noticias\/wp-json\/wp\/v2\/comments?post=28643"}],"version-history":[{"count":1,"href":"https:\/\/blogdorogeriogomes.com.br\/noticias\/wp-json\/wp\/v2\/posts\/28643\/revisions"}],"predecessor-version":[{"id":28645,"href":"https:\/\/blogdorogeriogomes.com.br\/noticias\/wp-json\/wp\/v2\/posts\/28643\/revisions\/28645"}],"wp:featuredmedia":[{"embeddable":true,"href":"https:\/\/blogdorogeriogomes.com.br\/noticias\/wp-json\/wp\/v2\/media\/28644"}],"wp:attachment":[{"href":"https:\/\/blogdorogeriogomes.com.br\/noticias\/wp-json\/wp\/v2\/media?parent=28643"}],"wp:term":[{"taxonomy":"category","embeddable":true,"href":"https:\/\/blogdorogeriogomes.com.br\/noticias\/wp-json\/wp\/v2\/categories?post=28643"},{"taxonomy":"post_tag","embeddable":true,"href":"https:\/\/blogdorogeriogomes.com.br\/noticias\/wp-json\/wp\/v2\/tags?post=28643"}],"curies":[{"name":"wp","href":"https:\/\/api.w.org\/{rel}","templated":true}]}}