{"id":28646,"date":"2023-03-13T10:18:57","date_gmt":"2023-03-13T10:18:57","guid":{"rendered":"https:\/\/blogdorogeriogomes.com.br\/?p=28646"},"modified":"2023-03-13T14:39:44","modified_gmt":"2023-03-13T14:39:44","slug":"governador-elmano-de-freitas-participa-do-lancamento-do-polo-industrial-de-maranguape","status":"publish","type":"post","link":"https:\/\/blogdorogeriogomes.com.br\/noticias\/2023\/03\/governador-elmano-de-freitas-participa-do-lancamento-do-polo-industrial-de-maranguape\/","title":{"rendered":"Governador Elmano de Freitas participa do lan\u00e7amento do Polo Industrial de Maranguape"},"content":{"rendered":"\n<p>O governador do Cear\u00e1, Elmano de Freitas, participou no \u00faltimo s\u00e1bado, dia 11 de mar\u00e7o, do lan\u00e7amento da Pedra Fundamental do Polo Industrial de Maranguape, que vai ser conhecido como Maranguape Industrial Park.<\/p>\n\n\n\n<p>Localizado na regi\u00e3o de Tangueira, numa \u00e1rea de 47 hectares cedida pelo Munic\u00edpio, a expectativa \u00e9 gerar mais de 2 mil empregos diretos quando em opera\u00e7\u00e3o, com um total de 35 lotes industriais previstos. O projeto multissetorial \u00e9 resultado de uma parceria firmada entre Prefeitura de Maranguape e Sistema Fiec, com apoio do Governo do Cear\u00e1.<\/p>\n\n\n\n<p>Tamb\u00e9m participaram da inaugura\u00e7\u00e3o o prefeito de Maranguape, \u00c1tila C\u00e2mara; o secret\u00e1rio do Desenvolvimento Econ\u00f4mico do Cear\u00e1, Salmito Filho; o presidente da Ag\u00eancia de Desenvolvimento do Cear\u00e1, Danilo Serpa; os deputados estaduais J\u00falio Cesar Filho, Jo\u00e3o Jaime e Lucinildo Frota.<\/p>\n\n\n\n<p>O projeto se baseia no Polo Industrial Qu\u00edmico de Guai\u00faba, tamb\u00e9m em munic\u00edpio da Regi\u00e3o Metropolitana de Fortaleza, inaugurado em 2018.<\/p>\n\n\n\n<figure class=\"wp-block-image size-large\"><img loading=\"lazy\" decoding=\"async\" width=\"1024\" height=\"683\" src=\"https:\/\/blogdorogeriogomes.com.br\/wp-content\/uploads\/2023\/03\/230311_LANCAMENTO-PEDRA-FUNDAMENTAL-POLO-IND-MARANGUAPE_TF6001-1200x800-1-1024x683.jpg\" alt=\"\" class=\"wp-image-28647\" srcset=\"https:\/\/blogdorogeriogomes.com.br\/noticias\/wp-content\/uploads\/2023\/03\/230311_LANCAMENTO-PEDRA-FUNDAMENTAL-POLO-IND-MARANGUAPE_TF6001-1200x800-1-1024x683.jpg 1024w, https:\/\/blogdorogeriogomes.com.br\/noticias\/wp-content\/uploads\/2023\/03\/230311_LANCAMENTO-PEDRA-FUNDAMENTAL-POLO-IND-MARANGUAPE_TF6001-1200x800-1-300x200.jpg 300w, https:\/\/blogdorogeriogomes.com.br\/noticias\/wp-content\/uploads\/2023\/03\/230311_LANCAMENTO-PEDRA-FUNDAMENTAL-POLO-IND-MARANGUAPE_TF6001-1200x800-1-768x512.jpg 768w, https:\/\/blogdorogeriogomes.com.br\/noticias\/wp-content\/uploads\/2023\/03\/230311_LANCAMENTO-PEDRA-FUNDAMENTAL-POLO-IND-MARANGUAPE_TF6001-1200x800-1-800x533.jpg 800w, https:\/\/blogdorogeriogomes.com.br\/noticias\/wp-content\/uploads\/2023\/03\/230311_LANCAMENTO-PEDRA-FUNDAMENTAL-POLO-IND-MARANGUAPE_TF6001-1200x800-1.jpg 1200w\" sizes=\"auto, (max-width: 1024px) 100vw, 1024px\" \/><\/figure>\n","protected":false},"excerpt":{"rendered":"<p>O governador do Cear\u00e1, Elmano de Freitas, participou no \u00faltimo s\u00e1bado, dia 11 de mar\u00e7o, do lan\u00e7amento da Pedra Fundamental do Polo Industrial de Maranguape, que vai ser conhecido como Maranguape Industrial Park. Localizado na regi\u00e3o de Tangueira, numa \u00e1rea de 47 hectares cedida pelo Munic\u00edpio, a expectativa \u00e9 gerar mais de 2 mil empregos diretos quando em opera\u00e7\u00e3o, com um total de 35 lotes industriais previstos. O projeto multissetorial \u00e9 resultado de uma parceria firmada entre Prefeitura de&hellip;<\/p>\n","protected":false},"author":1,"featured_media":28647,"comment_status":"open","ping_status":"open","sticky":false,"template":"","format":"standard","meta":{"footnotes":""},"categories":[1],"tags":[],"class_list":["post-28646","post","type-post","status-publish","format-standard","has-post-thumbnail","hentry","category-noticias"],"_links":{"self":[{"href":"https:\/\/blogdorogeriogomes.com.br\/noticias\/wp-json\/wp\/v2\/posts\/28646","targetHints":{"allow":["GET"]}}],"collection":[{"href":"https:\/\/blogdorogeriogomes.com.br\/noticias\/wp-json\/wp\/v2\/posts"}],"about":[{"href":"https:\/\/blogdorogeriogomes.com.br\/noticias\/wp-json\/wp\/v2\/types\/post"}],"author":[{"embeddable":true,"href":"https:\/\/blogdorogeriogomes.com.br\/noticias\/wp-json\/wp\/v2\/users\/1"}],"replies":[{"embeddable":true,"href":"https:\/\/blogdorogeriogomes.com.br\/noticias\/wp-json\/wp\/v2\/comments?post=28646"}],"version-history":[{"count":1,"href":"https:\/\/blogdorogeriogomes.com.br\/noticias\/wp-json\/wp\/v2\/posts\/28646\/revisions"}],"predecessor-version":[{"id":28648,"href":"https:\/\/blogdorogeriogomes.com.br\/noticias\/wp-json\/wp\/v2\/posts\/28646\/revisions\/28648"}],"wp:featuredmedia":[{"embeddable":true,"href":"https:\/\/blogdorogeriogomes.com.br\/noticias\/wp-json\/wp\/v2\/media\/28647"}],"wp:attachment":[{"href":"https:\/\/blogdorogeriogomes.com.br\/noticias\/wp-json\/wp\/v2\/media?parent=28646"}],"wp:term":[{"taxonomy":"category","embeddable":true,"href":"https:\/\/blogdorogeriogomes.com.br\/noticias\/wp-json\/wp\/v2\/categories?post=28646"},{"taxonomy":"post_tag","embeddable":true,"href":"https:\/\/blogdorogeriogomes.com.br\/noticias\/wp-json\/wp\/v2\/tags?post=28646"}],"curies":[{"name":"wp","href":"https:\/\/api.w.org\/{rel}","templated":true}]}}