{"id":28649,"date":"2023-03-13T10:56:33","date_gmt":"2023-03-13T10:56:33","guid":{"rendered":"https:\/\/blogdorogeriogomes.com.br\/?p=28649"},"modified":"2023-03-13T14:39:28","modified_gmt":"2023-03-13T14:39:28","slug":"andre-figueiredo-avalia-que-embates-entre-elmano-e-sarto-refletem-antecipacao-da-disputa-eleitoral-de-2024","status":"publish","type":"post","link":"https:\/\/blogdorogeriogomes.com.br\/noticias\/2023\/03\/andre-figueiredo-avalia-que-embates-entre-elmano-e-sarto-refletem-antecipacao-da-disputa-eleitoral-de-2024\/","title":{"rendered":"Andr\u00e9 Figueiredo avalia que embates entre Elmano e Sarto refletem antecipa\u00e7\u00e3o da disputa eleitoral de 2024"},"content":{"rendered":"\n<p>O presidente nacional e estadual do PDT, o deputado federal Andr\u00e9 Figueiredo avalia que os embates pelas redes sociais a respeito do reajuste da tarifa de \u00f4nibus em Fortaleza entre o prefeito Jos\u00e9 Sarto (PDT)  e o governador Elmano de Freitas (PT) refletem uma antecipa\u00e7\u00e3o da disputa nas elei\u00e7\u00f5es municipais do pr\u00f3ximo ano. Para Andr\u00e9, &#8220;n\u00e3o se pode deixar a disputa de 2024 ser antecipada&#8221;.<\/p>\n\n\n\n<p>Andr\u00e9 Figueiredo defende que Elmano de Freitas e Jos\u00e9 Sarto devem conversar pessoalmente e manter um relacionamento institucional pelo bem dos interesses da popula\u00e7\u00e3o de Fortaleza. <\/p>\n\n\n\n<p>A perspectiva \u00e9 que PDT e PT tenham candidaturas pr\u00f3prias na disputa pela Prefeitura de Fortaleza em 2024. Jos\u00e9 Sarto trabalha pela sua reelei\u00e7\u00e3o, enquanto no PT h\u00e1 v\u00e1rias lideran\u00e7as que defendem que o partido tenha um nome para concorrer ao Pa\u00e7o Municipal.<br><\/p>\n\n\n\n<figure class=\"wp-block-image size-full\"><img loading=\"lazy\" decoding=\"async\" width=\"678\" height=\"452\" src=\"https:\/\/blogdorogeriogomes.com.br\/wp-content\/uploads\/2023\/03\/images-19.jpeg\" alt=\"\" class=\"wp-image-28650\" srcset=\"https:\/\/blogdorogeriogomes.com.br\/noticias\/wp-content\/uploads\/2023\/03\/images-19.jpeg 678w, https:\/\/blogdorogeriogomes.com.br\/noticias\/wp-content\/uploads\/2023\/03\/images-19-300x200.jpeg 300w\" sizes=\"auto, (max-width: 678px) 100vw, 678px\" \/><\/figure>\n","protected":false},"excerpt":{"rendered":"<p>O presidente nacional e estadual do PDT, o deputado federal Andr\u00e9 Figueiredo avalia que os embates pelas redes sociais a respeito do reajuste da tarifa de \u00f4nibus em Fortaleza entre o prefeito Jos\u00e9 Sarto (PDT) e o governador Elmano de Freitas (PT) refletem uma antecipa\u00e7\u00e3o da disputa nas elei\u00e7\u00f5es municipais do pr\u00f3ximo ano. Para Andr\u00e9, &#8220;n\u00e3o se pode deixar a disputa de 2024 ser antecipada&#8221;. Andr\u00e9 Figueiredo defende que Elmano de Freitas e Jos\u00e9 Sarto devem conversar pessoalmente e&hellip;<\/p>\n","protected":false},"author":1,"featured_media":28650,"comment_status":"open","ping_status":"open","sticky":false,"template":"","format":"standard","meta":{"footnotes":""},"categories":[1],"tags":[],"class_list":["post-28649","post","type-post","status-publish","format-standard","has-post-thumbnail","hentry","category-noticias"],"_links":{"self":[{"href":"https:\/\/blogdorogeriogomes.com.br\/noticias\/wp-json\/wp\/v2\/posts\/28649","targetHints":{"allow":["GET"]}}],"collection":[{"href":"https:\/\/blogdorogeriogomes.com.br\/noticias\/wp-json\/wp\/v2\/posts"}],"about":[{"href":"https:\/\/blogdorogeriogomes.com.br\/noticias\/wp-json\/wp\/v2\/types\/post"}],"author":[{"embeddable":true,"href":"https:\/\/blogdorogeriogomes.com.br\/noticias\/wp-json\/wp\/v2\/users\/1"}],"replies":[{"embeddable":true,"href":"https:\/\/blogdorogeriogomes.com.br\/noticias\/wp-json\/wp\/v2\/comments?post=28649"}],"version-history":[{"count":1,"href":"https:\/\/blogdorogeriogomes.com.br\/noticias\/wp-json\/wp\/v2\/posts\/28649\/revisions"}],"predecessor-version":[{"id":28651,"href":"https:\/\/blogdorogeriogomes.com.br\/noticias\/wp-json\/wp\/v2\/posts\/28649\/revisions\/28651"}],"wp:featuredmedia":[{"embeddable":true,"href":"https:\/\/blogdorogeriogomes.com.br\/noticias\/wp-json\/wp\/v2\/media\/28650"}],"wp:attachment":[{"href":"https:\/\/blogdorogeriogomes.com.br\/noticias\/wp-json\/wp\/v2\/media?parent=28649"}],"wp:term":[{"taxonomy":"category","embeddable":true,"href":"https:\/\/blogdorogeriogomes.com.br\/noticias\/wp-json\/wp\/v2\/categories?post=28649"},{"taxonomy":"post_tag","embeddable":true,"href":"https:\/\/blogdorogeriogomes.com.br\/noticias\/wp-json\/wp\/v2\/tags?post=28649"}],"curies":[{"name":"wp","href":"https:\/\/api.w.org\/{rel}","templated":true}]}}