{"id":28666,"date":"2023-03-14T10:49:06","date_gmt":"2023-03-14T10:49:06","guid":{"rendered":"https:\/\/blogdorogeriogomes.com.br\/?p=28666"},"modified":"2023-03-15T20:25:04","modified_gmt":"2023-03-15T20:25:04","slug":"governo-federal-prepara-plano-de-venda-de-passagens-aereas-por-r-200-em-cenario-de-alta-de-precos","status":"publish","type":"post","link":"https:\/\/blogdorogeriogomes.com.br\/noticias\/2023\/03\/governo-federal-prepara-plano-de-venda-de-passagens-aereas-por-r-200-em-cenario-de-alta-de-precos\/","title":{"rendered":"Governo Federal prepara plano de venda de passagens a\u00e9reas por R$ 200 em cen\u00e1rio de alta de pre\u00e7os"},"content":{"rendered":"\n<p>O Governo Federal prepara um programa para vender passagens a\u00e9reas por R$ 200 a aposentados, funcion\u00e1rios p\u00fablicos e estudantes. Segundo o Ministro de Portos e Aeroportos, M\u00e1rcio Fran\u00e7a, a ideia \u00e9 fazer um acordo com as tr\u00eas companhias a\u00e9reas brasileiras Azul, Tam e Gol para a venda de assentos excedentes. O Programa chamado Voa Brasil ser\u00e1 voltado para estudantes, aposentados e servidores p\u00fablicos com renda at\u00e9 R$ 6,8 mil.<\/p>\n\n\n\n<p>O ministro M\u00e1rcio Fran\u00e7a disse: &#8220;As companhias brasileiras chegam na faixa de 30 milh\u00f5es de passageiros, cada uma delas, operando com 78% a 80% de vagas ocupadas. Outras 20% saem vazias. Eu quero essas vagas para as pessoas que n\u00e3o voam&#8221;.<\/p>\n\n\n\n<p>Segundo as companhias a\u00e9reas, o pre\u00e7o das passagens est\u00e1 26% mais caro que no per\u00edodo da pr\u00e9-pandemia da Covid-19. A tend\u00eancia \u00e9 de manuten\u00e7\u00e3o na alta dos valores no primeiro semestre.<\/p>\n\n\n\n<figure class=\"wp-block-image size-full\"><img loading=\"lazy\" decoding=\"async\" width=\"540\" height=\"304\" src=\"https:\/\/blogdorogeriogomes.com.br\/wp-content\/uploads\/2023\/03\/fup20210419005.jpg\" alt=\"\" class=\"wp-image-28667\" srcset=\"https:\/\/blogdorogeriogomes.com.br\/noticias\/wp-content\/uploads\/2023\/03\/fup20210419005.jpg 540w, https:\/\/blogdorogeriogomes.com.br\/noticias\/wp-content\/uploads\/2023\/03\/fup20210419005-300x169.jpg 300w\" sizes=\"auto, (max-width: 540px) 100vw, 540px\" \/><\/figure>\n","protected":false},"excerpt":{"rendered":"<p>O Governo Federal prepara um programa para vender passagens a\u00e9reas por R$ 200 a aposentados, funcion\u00e1rios p\u00fablicos e estudantes. Segundo o Ministro de Portos e Aeroportos, M\u00e1rcio Fran\u00e7a, a ideia \u00e9 fazer um acordo com as tr\u00eas companhias a\u00e9reas brasileiras Azul, Tam e Gol para a venda de assentos excedentes. O Programa chamado Voa Brasil ser\u00e1 voltado para estudantes, aposentados e servidores p\u00fablicos com renda at\u00e9 R$ 6,8 mil. O ministro M\u00e1rcio Fran\u00e7a disse: &#8220;As companhias brasileiras chegam na&hellip;<\/p>\n","protected":false},"author":1,"featured_media":28667,"comment_status":"open","ping_status":"open","sticky":false,"template":"","format":"standard","meta":{"footnotes":""},"categories":[1],"tags":[],"class_list":["post-28666","post","type-post","status-publish","format-standard","has-post-thumbnail","hentry","category-noticias"],"_links":{"self":[{"href":"https:\/\/blogdorogeriogomes.com.br\/noticias\/wp-json\/wp\/v2\/posts\/28666","targetHints":{"allow":["GET"]}}],"collection":[{"href":"https:\/\/blogdorogeriogomes.com.br\/noticias\/wp-json\/wp\/v2\/posts"}],"about":[{"href":"https:\/\/blogdorogeriogomes.com.br\/noticias\/wp-json\/wp\/v2\/types\/post"}],"author":[{"embeddable":true,"href":"https:\/\/blogdorogeriogomes.com.br\/noticias\/wp-json\/wp\/v2\/users\/1"}],"replies":[{"embeddable":true,"href":"https:\/\/blogdorogeriogomes.com.br\/noticias\/wp-json\/wp\/v2\/comments?post=28666"}],"version-history":[{"count":1,"href":"https:\/\/blogdorogeriogomes.com.br\/noticias\/wp-json\/wp\/v2\/posts\/28666\/revisions"}],"predecessor-version":[{"id":28668,"href":"https:\/\/blogdorogeriogomes.com.br\/noticias\/wp-json\/wp\/v2\/posts\/28666\/revisions\/28668"}],"wp:featuredmedia":[{"embeddable":true,"href":"https:\/\/blogdorogeriogomes.com.br\/noticias\/wp-json\/wp\/v2\/media\/28667"}],"wp:attachment":[{"href":"https:\/\/blogdorogeriogomes.com.br\/noticias\/wp-json\/wp\/v2\/media?parent=28666"}],"wp:term":[{"taxonomy":"category","embeddable":true,"href":"https:\/\/blogdorogeriogomes.com.br\/noticias\/wp-json\/wp\/v2\/categories?post=28666"},{"taxonomy":"post_tag","embeddable":true,"href":"https:\/\/blogdorogeriogomes.com.br\/noticias\/wp-json\/wp\/v2\/tags?post=28666"}],"curies":[{"name":"wp","href":"https:\/\/api.w.org\/{rel}","templated":true}]}}