{"id":28669,"date":"2023-03-14T21:13:41","date_gmt":"2023-03-14T21:13:41","guid":{"rendered":"https:\/\/blogdorogeriogomes.com.br\/?p=28669"},"modified":"2023-03-15T20:24:57","modified_gmt":"2023-03-15T20:24:57","slug":"camilo-santana-defende-reajuste-sustentavel-para-os-professores-em-reuniao-da-frente-nacional-de-prefeitos","status":"publish","type":"post","link":"https:\/\/blogdorogeriogomes.com.br\/noticias\/2023\/03\/camilo-santana-defende-reajuste-sustentavel-para-os-professores-em-reuniao-da-frente-nacional-de-prefeitos\/","title":{"rendered":"Camilo Santana defende reajuste sustent\u00e1vel para os professores em reuni\u00e3o da Frente Nacional de Prefeitos"},"content":{"rendered":"\n<p>O ministro da Educa\u00e7\u00e3o, Camilo Santana, participou nesta ter\u00e7a-feira, dia 14 de mar\u00e7o, da reuni\u00e3o ministerial com o presidente Lula e tamb\u00e9m da reuni\u00e3o da Frente Nacional de Prefeitos, em Bras\u00edlia. Camilo ressaltou a necessidade de um reajuste sustent\u00e1vel no piso salarial dos professores em todo o Pa\u00eds. Ele reconheceu as dificuldades de algumas prefeituras em cumprir o piso, mas garante que o Governo Federal tem mecanismos de ajudar financeiramente os munic\u00edpios.<\/p>\n\n\n\n<p>Camilo ressaltou: \u201cFizemos reajuste na merenda escolar, sabemos que isso \u00e9 apenas uma ajuda para os prefeitos, para garantir uma alimenta\u00e7\u00e3o de qualidade nas nossas escolas, porque sem alimenta\u00e7\u00e3o de qualidade, n\u00e3o h\u00e1 educa\u00e7\u00e3o de qualidade, n\u00e3o h\u00e1 escola de qualidade. N\u00f3s sabemos que em muitas cidades a \u00fanica alimenta\u00e7\u00e3o que a crian\u00e7a faz \u00e9 quando vai \u00e0 escola\u201d. No Cear\u00e1, o repasse para a merenda escolar foi reajustado em 36%.<\/p>\n\n\n\n<p>O ministro da Educa\u00e7\u00e3o confirmou o empenho de R$ 350 milh\u00f5es de reais para a retomada de quatro mil obras em escolas de todo o Pa\u00eds, que estavam paralisadas no Governo Bolsonaro.<br><\/p>\n\n\n\n<figure class=\"wp-block-image size-full\"><img loading=\"lazy\" decoding=\"async\" width=\"958\" height=\"574\" src=\"https:\/\/blogdorogeriogomes.com.br\/wp-content\/uploads\/2023\/03\/IMG-20230314-WA0125.jpg\" alt=\"\" class=\"wp-image-28670\" srcset=\"https:\/\/blogdorogeriogomes.com.br\/noticias\/wp-content\/uploads\/2023\/03\/IMG-20230314-WA0125.jpg 958w, https:\/\/blogdorogeriogomes.com.br\/noticias\/wp-content\/uploads\/2023\/03\/IMG-20230314-WA0125-300x180.jpg 300w, https:\/\/blogdorogeriogomes.com.br\/noticias\/wp-content\/uploads\/2023\/03\/IMG-20230314-WA0125-768x460.jpg 768w, https:\/\/blogdorogeriogomes.com.br\/noticias\/wp-content\/uploads\/2023\/03\/IMG-20230314-WA0125-800x479.jpg 800w\" sizes=\"auto, (max-width: 958px) 100vw, 958px\" \/><\/figure>\n","protected":false},"excerpt":{"rendered":"<p>O ministro da Educa\u00e7\u00e3o, Camilo Santana, participou nesta ter\u00e7a-feira, dia 14 de mar\u00e7o, da reuni\u00e3o ministerial com o presidente Lula e tamb\u00e9m da reuni\u00e3o da Frente Nacional de Prefeitos, em Bras\u00edlia. Camilo ressaltou a necessidade de um reajuste sustent\u00e1vel no piso salarial dos professores em todo o Pa\u00eds. Ele reconheceu as dificuldades de algumas prefeituras em cumprir o piso, mas garante que o Governo Federal tem mecanismos de ajudar financeiramente os munic\u00edpios. Camilo ressaltou: \u201cFizemos reajuste na merenda escolar,&hellip;<\/p>\n","protected":false},"author":1,"featured_media":28670,"comment_status":"open","ping_status":"open","sticky":false,"template":"","format":"standard","meta":{"footnotes":""},"categories":[1],"tags":[],"class_list":["post-28669","post","type-post","status-publish","format-standard","has-post-thumbnail","hentry","category-noticias"],"_links":{"self":[{"href":"https:\/\/blogdorogeriogomes.com.br\/noticias\/wp-json\/wp\/v2\/posts\/28669","targetHints":{"allow":["GET"]}}],"collection":[{"href":"https:\/\/blogdorogeriogomes.com.br\/noticias\/wp-json\/wp\/v2\/posts"}],"about":[{"href":"https:\/\/blogdorogeriogomes.com.br\/noticias\/wp-json\/wp\/v2\/types\/post"}],"author":[{"embeddable":true,"href":"https:\/\/blogdorogeriogomes.com.br\/noticias\/wp-json\/wp\/v2\/users\/1"}],"replies":[{"embeddable":true,"href":"https:\/\/blogdorogeriogomes.com.br\/noticias\/wp-json\/wp\/v2\/comments?post=28669"}],"version-history":[{"count":1,"href":"https:\/\/blogdorogeriogomes.com.br\/noticias\/wp-json\/wp\/v2\/posts\/28669\/revisions"}],"predecessor-version":[{"id":28671,"href":"https:\/\/blogdorogeriogomes.com.br\/noticias\/wp-json\/wp\/v2\/posts\/28669\/revisions\/28671"}],"wp:featuredmedia":[{"embeddable":true,"href":"https:\/\/blogdorogeriogomes.com.br\/noticias\/wp-json\/wp\/v2\/media\/28670"}],"wp:attachment":[{"href":"https:\/\/blogdorogeriogomes.com.br\/noticias\/wp-json\/wp\/v2\/media?parent=28669"}],"wp:term":[{"taxonomy":"category","embeddable":true,"href":"https:\/\/blogdorogeriogomes.com.br\/noticias\/wp-json\/wp\/v2\/categories?post=28669"},{"taxonomy":"post_tag","embeddable":true,"href":"https:\/\/blogdorogeriogomes.com.br\/noticias\/wp-json\/wp\/v2\/tags?post=28669"}],"curies":[{"name":"wp","href":"https:\/\/api.w.org\/{rel}","templated":true}]}}