{"id":28672,"date":"2023-03-14T23:04:42","date_gmt":"2023-03-14T23:04:42","guid":{"rendered":"https:\/\/blogdorogeriogomes.com.br\/?p=28672"},"modified":"2023-03-15T20:24:49","modified_gmt":"2023-03-15T20:24:49","slug":"eduardo-bismarck-e-o-novo-coordenador-da-bancada-federal-do-ceara-em-brasilia","status":"publish","type":"post","link":"https:\/\/blogdorogeriogomes.com.br\/noticias\/2023\/03\/eduardo-bismarck-e-o-novo-coordenador-da-bancada-federal-do-ceara-em-brasilia\/","title":{"rendered":"Eduardo Bismarck \u00e9 o novo coordenador da bancada federal do Cear\u00e1 em Bras\u00edlia"},"content":{"rendered":"\n<p>O deputado federal Eduardo Bismarck (PDT) foi eleito novo coordenador da bancada federal cearense no Congresso Nacional. A escolha aconteceu nesta ter\u00e7a-feira, dia 14 de mar\u00e7o, ap\u00f3s reuni\u00e3o dos deputados federais e senadores cearenses. Bismarck s\u00f3 n\u00e3o teve o apoio de Jos\u00e9 Guimar\u00e3es (PT), Jos\u00e9 Airton Cirilo (PT) e Fernanda Pessoa, do Uni\u00e3o Brasil. A deputada federal Luizianne Lins (PT) tentou concorrer ao posto de coordenadora, mas desistiu da disputa.<\/p>\n\n\n\n<p>Ao coordenador da bancada cabe orientar a\u00e7\u00f5es conjuntas dos parlamentares cearenses na C\u00e2mara dos Deputados e Senado Federal. Eduardo Bismarck, que substitui o deputado federal J\u00fanior Mano (PL), vai comandar o manejo de emendas obrigat\u00f3rias, cujo valor pode chegar a R$ 300 milh\u00f5es em 2023. <\/p>\n\n\n\n<figure class=\"wp-block-image size-full\"><img loading=\"lazy\" decoding=\"async\" width=\"640\" height=\"480\" src=\"https:\/\/blogdorogeriogomes.com.br\/wp-content\/uploads\/2023\/03\/images-23.jpeg\" alt=\"\" class=\"wp-image-28673\" srcset=\"https:\/\/blogdorogeriogomes.com.br\/noticias\/wp-content\/uploads\/2023\/03\/images-23.jpeg 640w, https:\/\/blogdorogeriogomes.com.br\/noticias\/wp-content\/uploads\/2023\/03\/images-23-300x225.jpeg 300w, https:\/\/blogdorogeriogomes.com.br\/noticias\/wp-content\/uploads\/2023\/03\/images-23-400x300.jpeg 400w\" sizes=\"auto, (max-width: 640px) 100vw, 640px\" \/><\/figure>\n","protected":false},"excerpt":{"rendered":"<p>O deputado federal Eduardo Bismarck (PDT) foi eleito novo coordenador da bancada federal cearense no Congresso Nacional. A escolha aconteceu nesta ter\u00e7a-feira, dia 14 de mar\u00e7o, ap\u00f3s reuni\u00e3o dos deputados federais e senadores cearenses. Bismarck s\u00f3 n\u00e3o teve o apoio de Jos\u00e9 Guimar\u00e3es (PT), Jos\u00e9 Airton Cirilo (PT) e Fernanda Pessoa, do Uni\u00e3o Brasil. A deputada federal Luizianne Lins (PT) tentou concorrer ao posto de coordenadora, mas desistiu da disputa. Ao coordenador da bancada cabe orientar a\u00e7\u00f5es conjuntas dos&hellip;<\/p>\n","protected":false},"author":1,"featured_media":28673,"comment_status":"open","ping_status":"open","sticky":false,"template":"","format":"standard","meta":{"footnotes":""},"categories":[1],"tags":[],"class_list":["post-28672","post","type-post","status-publish","format-standard","has-post-thumbnail","hentry","category-noticias"],"_links":{"self":[{"href":"https:\/\/blogdorogeriogomes.com.br\/noticias\/wp-json\/wp\/v2\/posts\/28672","targetHints":{"allow":["GET"]}}],"collection":[{"href":"https:\/\/blogdorogeriogomes.com.br\/noticias\/wp-json\/wp\/v2\/posts"}],"about":[{"href":"https:\/\/blogdorogeriogomes.com.br\/noticias\/wp-json\/wp\/v2\/types\/post"}],"author":[{"embeddable":true,"href":"https:\/\/blogdorogeriogomes.com.br\/noticias\/wp-json\/wp\/v2\/users\/1"}],"replies":[{"embeddable":true,"href":"https:\/\/blogdorogeriogomes.com.br\/noticias\/wp-json\/wp\/v2\/comments?post=28672"}],"version-history":[{"count":1,"href":"https:\/\/blogdorogeriogomes.com.br\/noticias\/wp-json\/wp\/v2\/posts\/28672\/revisions"}],"predecessor-version":[{"id":28674,"href":"https:\/\/blogdorogeriogomes.com.br\/noticias\/wp-json\/wp\/v2\/posts\/28672\/revisions\/28674"}],"wp:featuredmedia":[{"embeddable":true,"href":"https:\/\/blogdorogeriogomes.com.br\/noticias\/wp-json\/wp\/v2\/media\/28673"}],"wp:attachment":[{"href":"https:\/\/blogdorogeriogomes.com.br\/noticias\/wp-json\/wp\/v2\/media?parent=28672"}],"wp:term":[{"taxonomy":"category","embeddable":true,"href":"https:\/\/blogdorogeriogomes.com.br\/noticias\/wp-json\/wp\/v2\/categories?post=28672"},{"taxonomy":"post_tag","embeddable":true,"href":"https:\/\/blogdorogeriogomes.com.br\/noticias\/wp-json\/wp\/v2\/tags?post=28672"}],"curies":[{"name":"wp","href":"https:\/\/api.w.org\/{rel}","templated":true}]}}