{"id":28675,"date":"2023-03-15T09:48:03","date_gmt":"2023-03-15T09:48:03","guid":{"rendered":"https:\/\/blogdorogeriogomes.com.br\/?p=28675"},"modified":"2023-03-15T20:24:41","modified_gmt":"2023-03-15T20:24:41","slug":"jose-sarto-participa-da-cupula-de-parcerias-para-cidades-saudaveis-em-londres","status":"publish","type":"post","link":"https:\/\/blogdorogeriogomes.com.br\/noticias\/2023\/03\/jose-sarto-participa-da-cupula-de-parcerias-para-cidades-saudaveis-em-londres\/","title":{"rendered":"Jos\u00e9 Sarto participa da C\u00fapula de Parcerias para Cidades Saud\u00e1veis, em Londres"},"content":{"rendered":"\n<p>O prefeito de Fortaleza, Jos\u00e9 Sarto, est\u00e1 em Londres para participar da 1\u00aa C\u00fapula de Parcerias para Cidades Saud\u00e1veis, nesta quarta-feira, dia 15 de mar\u00e7o. Ele ir\u00e1 compor grupo de 14 prefeitos e prefeitas e mais 200 gestores de cidades de todo o mundo para discutir e apresentar solu\u00e7\u00f5es para alguns dos desafios mais prementes de sa\u00fade urbana. Sarto viaja a convite da Bloomberg Philanthropies, que realiza o evento em parceria com a Organiza\u00e7\u00e3o Mundial da Sa\u00fade (OMS) e a organiza\u00e7\u00e3o global de sa\u00fade Vital Strategies.<\/p>\n\n\n\n<p>Durante a C\u00fapula, Jos\u00e9 Sarto destacar\u00e1 os esfor\u00e7os de Fortaleza para prevenir doen\u00e7as n\u00e3o transmiss\u00edveis (DNTs) e les\u00f5es por meio da Parceria para Cidades Saud\u00e1veis, uma rede prestigiosa global de 70 cidades comprometidas em salvar vidas por meio da preven\u00e7\u00e3o de doen\u00e7as n\u00e3o transmiss\u00edveis e les\u00f5es.<\/p>\n\n\n\n<figure class=\"wp-block-image size-large\"><img loading=\"lazy\" decoding=\"async\" width=\"1024\" height=\"602\" src=\"https:\/\/blogdorogeriogomes.com.br\/wp-content\/uploads\/2023\/03\/14-03-2023-Sarto-29-12-2022-SDE-IMG_6313-1024x602.jpg\" alt=\"\" class=\"wp-image-28676\" srcset=\"https:\/\/blogdorogeriogomes.com.br\/noticias\/wp-content\/uploads\/2023\/03\/14-03-2023-Sarto-29-12-2022-SDE-IMG_6313-1024x602.jpg 1024w, https:\/\/blogdorogeriogomes.com.br\/noticias\/wp-content\/uploads\/2023\/03\/14-03-2023-Sarto-29-12-2022-SDE-IMG_6313-300x176.jpg 300w, https:\/\/blogdorogeriogomes.com.br\/noticias\/wp-content\/uploads\/2023\/03\/14-03-2023-Sarto-29-12-2022-SDE-IMG_6313-768x451.jpg 768w, https:\/\/blogdorogeriogomes.com.br\/noticias\/wp-content\/uploads\/2023\/03\/14-03-2023-Sarto-29-12-2022-SDE-IMG_6313-800x470.jpg 800w, https:\/\/blogdorogeriogomes.com.br\/noticias\/wp-content\/uploads\/2023\/03\/14-03-2023-Sarto-29-12-2022-SDE-IMG_6313.jpg 1280w\" sizes=\"auto, (max-width: 1024px) 100vw, 1024px\" \/><\/figure>\n","protected":false},"excerpt":{"rendered":"<p>O prefeito de Fortaleza, Jos\u00e9 Sarto, est\u00e1 em Londres para participar da 1\u00aa C\u00fapula de Parcerias para Cidades Saud\u00e1veis, nesta quarta-feira, dia 15 de mar\u00e7o. Ele ir\u00e1 compor grupo de 14 prefeitos e prefeitas e mais 200 gestores de cidades de todo o mundo para discutir e apresentar solu\u00e7\u00f5es para alguns dos desafios mais prementes de sa\u00fade urbana. Sarto viaja a convite da Bloomberg Philanthropies, que realiza o evento em parceria com a Organiza\u00e7\u00e3o Mundial da Sa\u00fade (OMS) e&hellip;<\/p>\n","protected":false},"author":1,"featured_media":28676,"comment_status":"open","ping_status":"open","sticky":false,"template":"","format":"standard","meta":{"footnotes":""},"categories":[1],"tags":[],"class_list":["post-28675","post","type-post","status-publish","format-standard","has-post-thumbnail","hentry","category-noticias"],"_links":{"self":[{"href":"https:\/\/blogdorogeriogomes.com.br\/noticias\/wp-json\/wp\/v2\/posts\/28675","targetHints":{"allow":["GET"]}}],"collection":[{"href":"https:\/\/blogdorogeriogomes.com.br\/noticias\/wp-json\/wp\/v2\/posts"}],"about":[{"href":"https:\/\/blogdorogeriogomes.com.br\/noticias\/wp-json\/wp\/v2\/types\/post"}],"author":[{"embeddable":true,"href":"https:\/\/blogdorogeriogomes.com.br\/noticias\/wp-json\/wp\/v2\/users\/1"}],"replies":[{"embeddable":true,"href":"https:\/\/blogdorogeriogomes.com.br\/noticias\/wp-json\/wp\/v2\/comments?post=28675"}],"version-history":[{"count":1,"href":"https:\/\/blogdorogeriogomes.com.br\/noticias\/wp-json\/wp\/v2\/posts\/28675\/revisions"}],"predecessor-version":[{"id":28677,"href":"https:\/\/blogdorogeriogomes.com.br\/noticias\/wp-json\/wp\/v2\/posts\/28675\/revisions\/28677"}],"wp:featuredmedia":[{"embeddable":true,"href":"https:\/\/blogdorogeriogomes.com.br\/noticias\/wp-json\/wp\/v2\/media\/28676"}],"wp:attachment":[{"href":"https:\/\/blogdorogeriogomes.com.br\/noticias\/wp-json\/wp\/v2\/media?parent=28675"}],"wp:term":[{"taxonomy":"category","embeddable":true,"href":"https:\/\/blogdorogeriogomes.com.br\/noticias\/wp-json\/wp\/v2\/categories?post=28675"},{"taxonomy":"post_tag","embeddable":true,"href":"https:\/\/blogdorogeriogomes.com.br\/noticias\/wp-json\/wp\/v2\/tags?post=28675"}],"curies":[{"name":"wp","href":"https:\/\/api.w.org\/{rel}","templated":true}]}}