{"id":28683,"date":"2023-03-15T21:32:08","date_gmt":"2023-03-15T21:32:08","guid":{"rendered":"https:\/\/blogdorogeriogomes.com.br\/?p=28683"},"modified":"2023-03-16T12:06:28","modified_gmt":"2023-03-16T12:06:28","slug":"elmano-de-freitas-cobra-andamento-de-obras-no-estado-e-faz-nova-entrega-de-tiquetes-do-vale-gas","status":"publish","type":"post","link":"https:\/\/blogdorogeriogomes.com.br\/noticias\/2023\/03\/elmano-de-freitas-cobra-andamento-de-obras-no-estado-e-faz-nova-entrega-de-tiquetes-do-vale-gas\/","title":{"rendered":"Elmano de Freitas cobra andamento de obras no Estado e faz nova entrega de t\u00edquetes do Vale-G\u00e1s"},"content":{"rendered":"\n<p>O governador Elmano de Freitas (PT) comandou uma reuni\u00e3o, nesta quarta-feira, dia 15 de mar\u00e7o, com a Superintend\u00eancia de Obras P\u00fablicas (SOP) para avaliar as principais obras em andamento no Cear\u00e1. Entre elas, est\u00e3o o Hospital Universit\u00e1rio da Uece, a constru\u00e7\u00e3o e duplica\u00e7\u00e3o de estradas e diversos outros equipamentos. &#8220;Seguimos investindo para melhorar a qualidade de vida dos cearenses, com a\u00e7\u00f5es e projetos que alavancam a economia e geram emprego e renda \u00e0 popula\u00e7\u00e3o&#8221;, disse Elmano.<\/p>\n\n\n\n<p>Nesta quinta-feira, dia 16, na sede da Secretaria de Prote\u00e7\u00e3o Social (SPS), come\u00e7a a entrega \u00e0s prefeituras do 1\u00b0 lote de t\u00edquetes de Vale-G\u00e1s de 2023. O governador Elmano de Freitas e a secret\u00e1ria da Prote\u00e7\u00e3o Social, On\u00e9lia Santana, estar\u00e3o presentes.<\/p>\n\n\n\n<p>Ser\u00e3o mais de 200 mil fam\u00edlias atendidas nesta entrega aos munic\u00edpios. Mais dois lotes ser\u00e3o distribu\u00eddos ao longo deste ano. O investimento para o Vale-G\u00e1s Social em 2023 \u00e9 de R$ 193 milh\u00f5es.<\/p>\n\n\n\n<figure class=\"wp-block-image size-large\"><img loading=\"lazy\" decoding=\"async\" width=\"1024\" height=\"684\" src=\"https:\/\/blogdorogeriogomes.com.br\/wp-content\/uploads\/2023\/03\/IMG-20230315-WA0146-1024x684.jpg\" alt=\"\" class=\"wp-image-28684\" srcset=\"https:\/\/blogdorogeriogomes.com.br\/noticias\/wp-content\/uploads\/2023\/03\/IMG-20230315-WA0146-1024x684.jpg 1024w, https:\/\/blogdorogeriogomes.com.br\/noticias\/wp-content\/uploads\/2023\/03\/IMG-20230315-WA0146-300x200.jpg 300w, https:\/\/blogdorogeriogomes.com.br\/noticias\/wp-content\/uploads\/2023\/03\/IMG-20230315-WA0146-768x513.jpg 768w, https:\/\/blogdorogeriogomes.com.br\/noticias\/wp-content\/uploads\/2023\/03\/IMG-20230315-WA0146-800x535.jpg 800w, https:\/\/blogdorogeriogomes.com.br\/noticias\/wp-content\/uploads\/2023\/03\/IMG-20230315-WA0146.jpg 1079w\" sizes=\"auto, (max-width: 1024px) 100vw, 1024px\" \/><\/figure>\n","protected":false},"excerpt":{"rendered":"<p>O governador Elmano de Freitas (PT) comandou uma reuni\u00e3o, nesta quarta-feira, dia 15 de mar\u00e7o, com a Superintend\u00eancia de Obras P\u00fablicas (SOP) para avaliar as principais obras em andamento no Cear\u00e1. Entre elas, est\u00e3o o Hospital Universit\u00e1rio da Uece, a constru\u00e7\u00e3o e duplica\u00e7\u00e3o de estradas e diversos outros equipamentos. &#8220;Seguimos investindo para melhorar a qualidade de vida dos cearenses, com a\u00e7\u00f5es e projetos que alavancam a economia e geram emprego e renda \u00e0 popula\u00e7\u00e3o&#8221;, disse Elmano. Nesta quinta-feira, dia&hellip;<\/p>\n","protected":false},"author":1,"featured_media":28684,"comment_status":"open","ping_status":"open","sticky":false,"template":"","format":"standard","meta":{"footnotes":""},"categories":[1],"tags":[],"class_list":["post-28683","post","type-post","status-publish","format-standard","has-post-thumbnail","hentry","category-noticias"],"_links":{"self":[{"href":"https:\/\/blogdorogeriogomes.com.br\/noticias\/wp-json\/wp\/v2\/posts\/28683","targetHints":{"allow":["GET"]}}],"collection":[{"href":"https:\/\/blogdorogeriogomes.com.br\/noticias\/wp-json\/wp\/v2\/posts"}],"about":[{"href":"https:\/\/blogdorogeriogomes.com.br\/noticias\/wp-json\/wp\/v2\/types\/post"}],"author":[{"embeddable":true,"href":"https:\/\/blogdorogeriogomes.com.br\/noticias\/wp-json\/wp\/v2\/users\/1"}],"replies":[{"embeddable":true,"href":"https:\/\/blogdorogeriogomes.com.br\/noticias\/wp-json\/wp\/v2\/comments?post=28683"}],"version-history":[{"count":1,"href":"https:\/\/blogdorogeriogomes.com.br\/noticias\/wp-json\/wp\/v2\/posts\/28683\/revisions"}],"predecessor-version":[{"id":28685,"href":"https:\/\/blogdorogeriogomes.com.br\/noticias\/wp-json\/wp\/v2\/posts\/28683\/revisions\/28685"}],"wp:featuredmedia":[{"embeddable":true,"href":"https:\/\/blogdorogeriogomes.com.br\/noticias\/wp-json\/wp\/v2\/media\/28684"}],"wp:attachment":[{"href":"https:\/\/blogdorogeriogomes.com.br\/noticias\/wp-json\/wp\/v2\/media?parent=28683"}],"wp:term":[{"taxonomy":"category","embeddable":true,"href":"https:\/\/blogdorogeriogomes.com.br\/noticias\/wp-json\/wp\/v2\/categories?post=28683"},{"taxonomy":"post_tag","embeddable":true,"href":"https:\/\/blogdorogeriogomes.com.br\/noticias\/wp-json\/wp\/v2\/tags?post=28683"}],"curies":[{"name":"wp","href":"https:\/\/api.w.org\/{rel}","templated":true}]}}