{"id":28686,"date":"2023-03-15T23:54:38","date_gmt":"2023-03-15T23:54:38","guid":{"rendered":"https:\/\/blogdorogeriogomes.com.br\/?p=28686"},"modified":"2023-03-16T12:06:15","modified_gmt":"2023-03-16T12:06:15","slug":"ministro-alexandre-de-moraes-revoga-o-afastamento-do-governador-ibaneis-rocha-no-distrito-federal","status":"publish","type":"post","link":"https:\/\/blogdorogeriogomes.com.br\/noticias\/2023\/03\/ministro-alexandre-de-moraes-revoga-o-afastamento-do-governador-ibaneis-rocha-no-distrito-federal\/","title":{"rendered":"Ministro Alexandre de Moraes revoga o afastamento do governador Ibaneis Rocha, no Distrito Federal"},"content":{"rendered":"\n<p>O governador do Distrito Federal, Ibaneis Rocha (MDB), foi autorizado a retomar seu cargo pelo ministro do Supremo Tribunal Federal (STF), Alexandre de Moraes, em decis\u00e3o proferida nesta quarta-feira, dia 15 de mar\u00e7o, ap\u00f3s ter sido afastado em janeiro.<\/p>\n\n\n\n<p>Ibaneis foi afastado do cargo ap\u00f3s as invas\u00f5es bolsonaristas de 8 de janeiro deste ano, quando os militantes de extrema direita vandalizaram as sedes dos Tr\u00eas Poderes, em Bras\u00edlia. O governador do DF era acusado de omiss\u00e3o diante do caso.<\/p>\n\n\n\n<p>Segundo Moraes, os relat\u00f3rios de an\u00e1lise da Pol\u00edcia Judici\u00e1ria n\u00e3o indicam que Ibaneis estava tentando obstruir as investiga\u00e7\u00f5es ou destruir evid\u00eancias. Ele afirmou que, ap\u00f3s v\u00e1rias dilig\u00eancias e laudos, o momento atual da investiga\u00e7\u00e3o n\u00e3o justifica a manuten\u00e7\u00e3o da medida, j\u00e1 que n\u00e3o h\u00e1 risco de que o retorno de Ibaneis \u00e0 fun\u00e7\u00e3o p\u00fablica comprometa a investiga\u00e7\u00e3o ou leve \u00e0 reitera\u00e7\u00e3o dos crimes investigados.<\/p>\n\n\n\n<figure class=\"wp-block-image size-full\"><img loading=\"lazy\" decoding=\"async\" width=\"500\" height=\"240\" src=\"https:\/\/blogdorogeriogomes.com.br\/wp-content\/uploads\/2023\/03\/2022031014030_ee30cbd78e73e7feb268458f0a05df803f2aed7cbc7a263f8ca0d5b914ce1216.webp\" alt=\"\" class=\"wp-image-28687\" srcset=\"https:\/\/blogdorogeriogomes.com.br\/noticias\/wp-content\/uploads\/2023\/03\/2022031014030_ee30cbd78e73e7feb268458f0a05df803f2aed7cbc7a263f8ca0d5b914ce1216.webp 500w, https:\/\/blogdorogeriogomes.com.br\/noticias\/wp-content\/uploads\/2023\/03\/2022031014030_ee30cbd78e73e7feb268458f0a05df803f2aed7cbc7a263f8ca0d5b914ce1216-300x144.webp 300w\" sizes=\"auto, (max-width: 500px) 100vw, 500px\" \/><\/figure>\n","protected":false},"excerpt":{"rendered":"<p>O governador do Distrito Federal, Ibaneis Rocha (MDB), foi autorizado a retomar seu cargo pelo ministro do Supremo Tribunal Federal (STF), Alexandre de Moraes, em decis\u00e3o proferida nesta quarta-feira, dia 15 de mar\u00e7o, ap\u00f3s ter sido afastado em janeiro. Ibaneis foi afastado do cargo ap\u00f3s as invas\u00f5es bolsonaristas de 8 de janeiro deste ano, quando os militantes de extrema direita vandalizaram as sedes dos Tr\u00eas Poderes, em Bras\u00edlia. O governador do DF era acusado de omiss\u00e3o diante do caso.&hellip;<\/p>\n","protected":false},"author":1,"featured_media":28687,"comment_status":"open","ping_status":"open","sticky":false,"template":"","format":"standard","meta":{"footnotes":""},"categories":[1],"tags":[],"class_list":["post-28686","post","type-post","status-publish","format-standard","has-post-thumbnail","hentry","category-noticias"],"_links":{"self":[{"href":"https:\/\/blogdorogeriogomes.com.br\/noticias\/wp-json\/wp\/v2\/posts\/28686","targetHints":{"allow":["GET"]}}],"collection":[{"href":"https:\/\/blogdorogeriogomes.com.br\/noticias\/wp-json\/wp\/v2\/posts"}],"about":[{"href":"https:\/\/blogdorogeriogomes.com.br\/noticias\/wp-json\/wp\/v2\/types\/post"}],"author":[{"embeddable":true,"href":"https:\/\/blogdorogeriogomes.com.br\/noticias\/wp-json\/wp\/v2\/users\/1"}],"replies":[{"embeddable":true,"href":"https:\/\/blogdorogeriogomes.com.br\/noticias\/wp-json\/wp\/v2\/comments?post=28686"}],"version-history":[{"count":1,"href":"https:\/\/blogdorogeriogomes.com.br\/noticias\/wp-json\/wp\/v2\/posts\/28686\/revisions"}],"predecessor-version":[{"id":28688,"href":"https:\/\/blogdorogeriogomes.com.br\/noticias\/wp-json\/wp\/v2\/posts\/28686\/revisions\/28688"}],"wp:featuredmedia":[{"embeddable":true,"href":"https:\/\/blogdorogeriogomes.com.br\/noticias\/wp-json\/wp\/v2\/media\/28687"}],"wp:attachment":[{"href":"https:\/\/blogdorogeriogomes.com.br\/noticias\/wp-json\/wp\/v2\/media?parent=28686"}],"wp:term":[{"taxonomy":"category","embeddable":true,"href":"https:\/\/blogdorogeriogomes.com.br\/noticias\/wp-json\/wp\/v2\/categories?post=28686"},{"taxonomy":"post_tag","embeddable":true,"href":"https:\/\/blogdorogeriogomes.com.br\/noticias\/wp-json\/wp\/v2\/tags?post=28686"}],"curies":[{"name":"wp","href":"https:\/\/api.w.org\/{rel}","templated":true}]}}