{"id":28689,"date":"2023-03-16T10:41:46","date_gmt":"2023-03-16T10:41:46","guid":{"rendered":"https:\/\/blogdorogeriogomes.com.br\/?p=28689"},"modified":"2023-03-16T12:05:53","modified_gmt":"2023-03-16T12:05:53","slug":"fernando-haddad-apresenta-nova-ancora-fiscal-a-lula-nesta-sexta-feira","status":"publish","type":"post","link":"https:\/\/blogdorogeriogomes.com.br\/noticias\/2023\/03\/fernando-haddad-apresenta-nova-ancora-fiscal-a-lula-nesta-sexta-feira\/","title":{"rendered":"Fernando Haddad apresenta nova \u00e2ncora fiscal a Lula nesta sexta-feira"},"content":{"rendered":"\n<p>O ministro da Fazenda, Fernando Haddad, apresenta detalhes da nova \u00e2ncora fiscal que substituir\u00e1 o teto de gastos ao presidente Luiz In\u00e1cio Lula da Silva nesta sexta-feira, dia 17 de mar\u00e7o.<\/p>\n\n\n\n<p>Ap\u00f3s a apresenta\u00e7\u00e3o, caber\u00e1 ao presidente Lula definir a data de divulga\u00e7\u00e3o do projeto. Haddad ainda n\u00e3o sabe se as medidas ser\u00e3o divulgadas antes ou depois da reuni\u00e3o do Comit\u00ea de Pol\u00edtica Monet\u00e1ria (Copom), nas pr\u00f3ximas ter\u00e7a-feira, dia 21, e quarta-feira, dia 22. <\/p>\n\n\n\n<p>A Emenda Constitucional da Transi\u00e7\u00e3o, que liberou do teto de gastos R$ 145 bilh\u00f5es do Bolsa Fam\u00edlia e at\u00e9 R$ 23 bilh\u00f5es em investimentos caso haja excesso de arrecada\u00e7\u00e3o, estabeleceu a obriga\u00e7\u00e3o de o governo enviar um projeto de lei complementar que substitua o teto de gastos at\u00e9 agosto. A equipe econ\u00f4mica, no entanto, antecipou o envio para mar\u00e7o para dar espa\u00e7o para o Banco Central (BC) baixar os juros ainda este ano e para dar tempo ao Minist\u00e9rio do Planejamento de elaborar o projeto da Lei de Diretrizes Or\u00e7ament\u00e1rias de 2024 conforme as novas regras.<\/p>\n\n\n\n<p>O presidente Lula disse que pretende tomar uma decis\u00e3o antes da viagem oficial \u00e0 China, prevista para o pr\u00f3ximo dia 24 de mar\u00e7o. O governador do Cear\u00e1, Elmano de Freitas, deve integrar a comitiva de Lula na viagem.<\/p>\n\n\n\n<figure class=\"wp-block-image size-full\"><img loading=\"lazy\" decoding=\"async\" width=\"678\" height=\"452\" src=\"https:\/\/blogdorogeriogomes.com.br\/wp-content\/uploads\/2023\/03\/images.jpeg\" alt=\"\" class=\"wp-image-28690\" srcset=\"https:\/\/blogdorogeriogomes.com.br\/noticias\/wp-content\/uploads\/2023\/03\/images.jpeg 678w, https:\/\/blogdorogeriogomes.com.br\/noticias\/wp-content\/uploads\/2023\/03\/images-300x200.jpeg 300w\" sizes=\"auto, (max-width: 678px) 100vw, 678px\" \/><\/figure>\n","protected":false},"excerpt":{"rendered":"<p>O ministro da Fazenda, Fernando Haddad, apresenta detalhes da nova \u00e2ncora fiscal que substituir\u00e1 o teto de gastos ao presidente Luiz In\u00e1cio Lula da Silva nesta sexta-feira, dia 17 de mar\u00e7o. Ap\u00f3s a apresenta\u00e7\u00e3o, caber\u00e1 ao presidente Lula definir a data de divulga\u00e7\u00e3o do projeto. Haddad ainda n\u00e3o sabe se as medidas ser\u00e3o divulgadas antes ou depois da reuni\u00e3o do Comit\u00ea de Pol\u00edtica Monet\u00e1ria (Copom), nas pr\u00f3ximas ter\u00e7a-feira, dia 21, e quarta-feira, dia 22. A Emenda Constitucional da Transi\u00e7\u00e3o,&hellip;<\/p>\n","protected":false},"author":1,"featured_media":28690,"comment_status":"open","ping_status":"open","sticky":false,"template":"","format":"standard","meta":{"footnotes":""},"categories":[1],"tags":[],"class_list":["post-28689","post","type-post","status-publish","format-standard","has-post-thumbnail","hentry","category-noticias"],"_links":{"self":[{"href":"https:\/\/blogdorogeriogomes.com.br\/noticias\/wp-json\/wp\/v2\/posts\/28689","targetHints":{"allow":["GET"]}}],"collection":[{"href":"https:\/\/blogdorogeriogomes.com.br\/noticias\/wp-json\/wp\/v2\/posts"}],"about":[{"href":"https:\/\/blogdorogeriogomes.com.br\/noticias\/wp-json\/wp\/v2\/types\/post"}],"author":[{"embeddable":true,"href":"https:\/\/blogdorogeriogomes.com.br\/noticias\/wp-json\/wp\/v2\/users\/1"}],"replies":[{"embeddable":true,"href":"https:\/\/blogdorogeriogomes.com.br\/noticias\/wp-json\/wp\/v2\/comments?post=28689"}],"version-history":[{"count":1,"href":"https:\/\/blogdorogeriogomes.com.br\/noticias\/wp-json\/wp\/v2\/posts\/28689\/revisions"}],"predecessor-version":[{"id":28691,"href":"https:\/\/blogdorogeriogomes.com.br\/noticias\/wp-json\/wp\/v2\/posts\/28689\/revisions\/28691"}],"wp:featuredmedia":[{"embeddable":true,"href":"https:\/\/blogdorogeriogomes.com.br\/noticias\/wp-json\/wp\/v2\/media\/28690"}],"wp:attachment":[{"href":"https:\/\/blogdorogeriogomes.com.br\/noticias\/wp-json\/wp\/v2\/media?parent=28689"}],"wp:term":[{"taxonomy":"category","embeddable":true,"href":"https:\/\/blogdorogeriogomes.com.br\/noticias\/wp-json\/wp\/v2\/categories?post=28689"},{"taxonomy":"post_tag","embeddable":true,"href":"https:\/\/blogdorogeriogomes.com.br\/noticias\/wp-json\/wp\/v2\/tags?post=28689"}],"curies":[{"name":"wp","href":"https:\/\/api.w.org\/{rel}","templated":true}]}}