{"id":28701,"date":"2023-03-16T23:03:04","date_gmt":"2023-03-16T23:03:04","guid":{"rendered":"https:\/\/blogdorogeriogomes.com.br\/?p=28701"},"modified":"2023-03-16T23:03:04","modified_gmt":"2023-03-16T23:03:04","slug":"comitiva-de-empresarios-da-alemanha-conhece-potencial-do-ceara-para-a-producao-do-hidrogenio-verde","status":"publish","type":"post","link":"https:\/\/blogdorogeriogomes.com.br\/noticias\/2023\/03\/comitiva-de-empresarios-da-alemanha-conhece-potencial-do-ceara-para-a-producao-do-hidrogenio-verde\/","title":{"rendered":"Comitiva de empres\u00e1rios da Alemanha conhece  potencial do Cear\u00e1 para a produ\u00e7\u00e3o do hidrog\u00eanio verde"},"content":{"rendered":"\n<p>Uma comitiva de empres\u00e1rios da Alemanha est\u00e1 no Cear\u00e1 para conhecer o potencial local para a produ\u00e7\u00e3o do hidrog\u00eanio verde. A apresenta\u00e7\u00e3o das iniciativas no setor aconteceu na sede da Federa\u00e7\u00e3o das Ind\u00fastrias do Cear\u00e1, a Fiec, em Fortaleza.<\/p>\n\n\n\n<p>A delega\u00e7\u00e3o alem\u00e3 \u00e9 formada por representantes de um grande n\u00famero de empresas europ\u00e9ias que buscam parcerias na economia de transi\u00e7\u00e3o energ\u00e9tica e principalmente do hidrog\u00eanio verde. Segundo a Federa\u00e7\u00e3o das Ind\u00fastrias do Cear\u00e1, a ideia \u00e9 gerar coopera\u00e7\u00e3o e neg\u00f3cios entre os dois pa\u00edses. O encontro com a comitiva alem\u00e3 teve a presen\u00e7a de empres\u00e1rios e pol\u00edticos. <\/p>\n\n\n\n<p>Salmito Filho, secret\u00e1rio de Desenvolvimento Econ\u00f4mico do Cear\u00e1, destacou a oportunidade de apresentar o esfor\u00e7o do Estado em investir na produ\u00e7\u00e3o de energias alternativas. O Governo do Cear\u00e1 j\u00e1 assinou mais de 20 memorandos com empresas nacionais e estrangeiras para a produ\u00e7\u00e3o de hidrog\u00eanio verde no Estado. E a meta \u00e9 continuar atraindo parceiros com a perspectiva de gera\u00e7\u00e3o de energia limpa e mais empregos.<\/p>\n\n\n\n<figure class=\"wp-block-image size-large\"><img loading=\"lazy\" decoding=\"async\" width=\"1024\" height=\"768\" src=\"https:\/\/blogdorogeriogomes.com.br\/wp-content\/uploads\/2023\/03\/IMG_20230316_100533047-1024x768.jpg\" alt=\"\" class=\"wp-image-28702\" srcset=\"https:\/\/blogdorogeriogomes.com.br\/noticias\/wp-content\/uploads\/2023\/03\/IMG_20230316_100533047-1024x768.jpg 1024w, https:\/\/blogdorogeriogomes.com.br\/noticias\/wp-content\/uploads\/2023\/03\/IMG_20230316_100533047-300x225.jpg 300w, https:\/\/blogdorogeriogomes.com.br\/noticias\/wp-content\/uploads\/2023\/03\/IMG_20230316_100533047-768x576.jpg 768w, https:\/\/blogdorogeriogomes.com.br\/noticias\/wp-content\/uploads\/2023\/03\/IMG_20230316_100533047-1536x1152.jpg 1536w, https:\/\/blogdorogeriogomes.com.br\/noticias\/wp-content\/uploads\/2023\/03\/IMG_20230316_100533047-2048x1536.jpg 2048w, https:\/\/blogdorogeriogomes.com.br\/noticias\/wp-content\/uploads\/2023\/03\/IMG_20230316_100533047-800x600.jpg 800w, https:\/\/blogdorogeriogomes.com.br\/noticias\/wp-content\/uploads\/2023\/03\/IMG_20230316_100533047-400x300.jpg 400w\" sizes=\"auto, (max-width: 1024px) 100vw, 1024px\" \/><\/figure>\n","protected":false},"excerpt":{"rendered":"<p>Uma comitiva de empres\u00e1rios da Alemanha est\u00e1 no Cear\u00e1 para conhecer o potencial local para a produ\u00e7\u00e3o do hidrog\u00eanio verde. A apresenta\u00e7\u00e3o das iniciativas no setor aconteceu na sede da Federa\u00e7\u00e3o das Ind\u00fastrias do Cear\u00e1, a Fiec, em Fortaleza. A delega\u00e7\u00e3o alem\u00e3 \u00e9 formada por representantes de um grande n\u00famero de empresas europ\u00e9ias que buscam parcerias na economia de transi\u00e7\u00e3o energ\u00e9tica e principalmente do hidrog\u00eanio verde. Segundo a Federa\u00e7\u00e3o das Ind\u00fastrias do Cear\u00e1, a ideia \u00e9 gerar coopera\u00e7\u00e3o e&hellip;<\/p>\n","protected":false},"author":1,"featured_media":0,"comment_status":"open","ping_status":"open","sticky":false,"template":"","format":"standard","meta":{"footnotes":""},"categories":[1],"tags":[],"class_list":["post-28701","post","type-post","status-publish","format-standard","hentry","category-noticias"],"_links":{"self":[{"href":"https:\/\/blogdorogeriogomes.com.br\/noticias\/wp-json\/wp\/v2\/posts\/28701","targetHints":{"allow":["GET"]}}],"collection":[{"href":"https:\/\/blogdorogeriogomes.com.br\/noticias\/wp-json\/wp\/v2\/posts"}],"about":[{"href":"https:\/\/blogdorogeriogomes.com.br\/noticias\/wp-json\/wp\/v2\/types\/post"}],"author":[{"embeddable":true,"href":"https:\/\/blogdorogeriogomes.com.br\/noticias\/wp-json\/wp\/v2\/users\/1"}],"replies":[{"embeddable":true,"href":"https:\/\/blogdorogeriogomes.com.br\/noticias\/wp-json\/wp\/v2\/comments?post=28701"}],"version-history":[{"count":1,"href":"https:\/\/blogdorogeriogomes.com.br\/noticias\/wp-json\/wp\/v2\/posts\/28701\/revisions"}],"predecessor-version":[{"id":28703,"href":"https:\/\/blogdorogeriogomes.com.br\/noticias\/wp-json\/wp\/v2\/posts\/28701\/revisions\/28703"}],"wp:attachment":[{"href":"https:\/\/blogdorogeriogomes.com.br\/noticias\/wp-json\/wp\/v2\/media?parent=28701"}],"wp:term":[{"taxonomy":"category","embeddable":true,"href":"https:\/\/blogdorogeriogomes.com.br\/noticias\/wp-json\/wp\/v2\/categories?post=28701"},{"taxonomy":"post_tag","embeddable":true,"href":"https:\/\/blogdorogeriogomes.com.br\/noticias\/wp-json\/wp\/v2\/tags?post=28701"}],"curies":[{"name":"wp","href":"https:\/\/api.w.org\/{rel}","templated":true}]}}