{"id":28704,"date":"2023-03-16T23:12:01","date_gmt":"2023-03-16T23:12:01","guid":{"rendered":"https:\/\/blogdorogeriogomes.com.br\/?p=28704"},"modified":"2023-03-17T19:28:09","modified_gmt":"2023-03-17T19:28:09","slug":"governador-elmano-de-freitas-se-reune-com-presidente-do-bndes-no-rio-de-janeiro","status":"publish","type":"post","link":"https:\/\/blogdorogeriogomes.com.br\/noticias\/2023\/03\/governador-elmano-de-freitas-se-reune-com-presidente-do-bndes-no-rio-de-janeiro\/","title":{"rendered":"Governador Elmano de Freitas se re\u00fane com presidente do BNDES no Rio de Janeiro"},"content":{"rendered":"\n<p>O governador do Cear\u00e1, Elmano de Freitas (PT), esteve reunido, no Rio de Janeiro, nesta quinta-feira, dia 16 de mar\u00e7o, com o presidente do Banco Nacional do Desenvolvimento Social (BNDES), Aloizio Mercadante. &#8220;Tratamos sobre financiamentos importantes para o Estado na \u00e1rea de saneamento b\u00e1sico e energias renov\u00e1veis, como o projeto Renda do Sol. Meu agradecimento \u00e0 diretoria do BNDES pela recep\u00e7\u00e3o&#8221;, disse o governador do Cear\u00e1.<\/p>\n\n\n\n<p>Ainda no Rio de Janeiro, Elmano se solidarizou com as v\u00edtimas dos deslizamentos no munic\u00edpio cearense de Aratuba, por causa das chuvas. &#8220;Recebi com profunda tristeza a not\u00edcia da morte de duas crian\u00e7as e uma mulher no munic\u00edpio de Aratuba, em decorr\u00eancia de um deslizamento de terra ap\u00f3s as fortes chuvas de hoje. As for\u00e7as de seguran\u00e7a do Governo do Estado, al\u00e9m de Defesa Civil e Samu, imediatamente se deslocaram para o munic\u00edpio para o resgate de poss\u00edveis feridos. Conversei com o prefeito Joerly Rodrigues e coloquei todo o suporte necess\u00e1rio do Governo do Estado \u00e0 disposi\u00e7\u00e3o, inclusive nossas equipes de prote\u00e7\u00e3o social para atendimento \u00e0s fam\u00edlias das v\u00edtimas&#8221;, destacou Elmano. <\/p>\n\n\n\n<figure class=\"wp-block-image size-large\"><img loading=\"lazy\" decoding=\"async\" width=\"1024\" height=\"685\" src=\"https:\/\/blogdorogeriogomes.com.br\/wp-content\/uploads\/2023\/03\/IMG-20230316-WA0301-1024x685.jpg\" alt=\"\" class=\"wp-image-28705\" srcset=\"https:\/\/blogdorogeriogomes.com.br\/noticias\/wp-content\/uploads\/2023\/03\/IMG-20230316-WA0301-1024x685.jpg 1024w, https:\/\/blogdorogeriogomes.com.br\/noticias\/wp-content\/uploads\/2023\/03\/IMG-20230316-WA0301-300x201.jpg 300w, https:\/\/blogdorogeriogomes.com.br\/noticias\/wp-content\/uploads\/2023\/03\/IMG-20230316-WA0301-768x513.jpg 768w, https:\/\/blogdorogeriogomes.com.br\/noticias\/wp-content\/uploads\/2023\/03\/IMG-20230316-WA0301-800x535.jpg 800w, https:\/\/blogdorogeriogomes.com.br\/noticias\/wp-content\/uploads\/2023\/03\/IMG-20230316-WA0301.jpg 1080w\" sizes=\"auto, (max-width: 1024px) 100vw, 1024px\" \/><\/figure>\n","protected":false},"excerpt":{"rendered":"<p>O governador do Cear\u00e1, Elmano de Freitas (PT), esteve reunido, no Rio de Janeiro, nesta quinta-feira, dia 16 de mar\u00e7o, com o presidente do Banco Nacional do Desenvolvimento Social (BNDES), Aloizio Mercadante. &#8220;Tratamos sobre financiamentos importantes para o Estado na \u00e1rea de saneamento b\u00e1sico e energias renov\u00e1veis, como o projeto Renda do Sol. Meu agradecimento \u00e0 diretoria do BNDES pela recep\u00e7\u00e3o&#8221;, disse o governador do Cear\u00e1. Ainda no Rio de Janeiro, Elmano se solidarizou com as v\u00edtimas dos deslizamentos&hellip;<\/p>\n","protected":false},"author":1,"featured_media":28705,"comment_status":"open","ping_status":"open","sticky":false,"template":"","format":"standard","meta":{"footnotes":""},"categories":[1],"tags":[],"class_list":["post-28704","post","type-post","status-publish","format-standard","has-post-thumbnail","hentry","category-noticias"],"_links":{"self":[{"href":"https:\/\/blogdorogeriogomes.com.br\/noticias\/wp-json\/wp\/v2\/posts\/28704","targetHints":{"allow":["GET"]}}],"collection":[{"href":"https:\/\/blogdorogeriogomes.com.br\/noticias\/wp-json\/wp\/v2\/posts"}],"about":[{"href":"https:\/\/blogdorogeriogomes.com.br\/noticias\/wp-json\/wp\/v2\/types\/post"}],"author":[{"embeddable":true,"href":"https:\/\/blogdorogeriogomes.com.br\/noticias\/wp-json\/wp\/v2\/users\/1"}],"replies":[{"embeddable":true,"href":"https:\/\/blogdorogeriogomes.com.br\/noticias\/wp-json\/wp\/v2\/comments?post=28704"}],"version-history":[{"count":1,"href":"https:\/\/blogdorogeriogomes.com.br\/noticias\/wp-json\/wp\/v2\/posts\/28704\/revisions"}],"predecessor-version":[{"id":28706,"href":"https:\/\/blogdorogeriogomes.com.br\/noticias\/wp-json\/wp\/v2\/posts\/28704\/revisions\/28706"}],"wp:featuredmedia":[{"embeddable":true,"href":"https:\/\/blogdorogeriogomes.com.br\/noticias\/wp-json\/wp\/v2\/media\/28705"}],"wp:attachment":[{"href":"https:\/\/blogdorogeriogomes.com.br\/noticias\/wp-json\/wp\/v2\/media?parent=28704"}],"wp:term":[{"taxonomy":"category","embeddable":true,"href":"https:\/\/blogdorogeriogomes.com.br\/noticias\/wp-json\/wp\/v2\/categories?post=28704"},{"taxonomy":"post_tag","embeddable":true,"href":"https:\/\/blogdorogeriogomes.com.br\/noticias\/wp-json\/wp\/v2\/tags?post=28704"}],"curies":[{"name":"wp","href":"https:\/\/api.w.org\/{rel}","templated":true}]}}