{"id":28707,"date":"2023-03-16T23:15:57","date_gmt":"2023-03-16T23:15:57","guid":{"rendered":"https:\/\/blogdorogeriogomes.com.br\/?p=28707"},"modified":"2023-03-17T19:28:01","modified_gmt":"2023-03-17T19:28:01","slug":"deputado-david-de-raimundao-visita-secretaria-executiva-do-conselho-de-altos-estudos-e-assuntos-estrategicos","status":"publish","type":"post","link":"https:\/\/blogdorogeriogomes.com.br\/noticias\/2023\/03\/deputado-david-de-raimundao-visita-secretaria-executiva-do-conselho-de-altos-estudos-e-assuntos-estrategicos\/","title":{"rendered":"Deputado David de Raimund\u00e3o visita Secretaria Executiva do Conselho de Altos Estudos e Assuntos Estrat\u00e9gicos"},"content":{"rendered":"\n<p>O Deputado Davi de Raimund\u00e3o (MDB) visitou nesta quinta-feira, dia 16 de mar\u00e7o, a Secretaria Executiva do Conselho de Altos Estudos e Assuntos Estrat\u00e9gicos da Assembleia Legislativa do Cear\u00e1. Davi de Raimund\u00e3o assumiu a presid\u00eancia do Conselho de Altos Estudos recentemente e esteve hoje na Secretaria, acompanhado de seu assessor legislativo Igor Lima, para conhecer os principais projetos e a\u00e7\u00f5es desenvolvidos nos \u00faltimos anos.<br>O Conselho de Altos Estudos e Assuntos Estrat\u00e9gicos, criado em 13 de setembro de 2007, \u00e9 um \u00f3rg\u00e3o de pesquisa, educa\u00e7\u00e3o e mem\u00f3ria da Assembleia Legislativa, vinculado \u00e0 Mesa Diretora do Legislativo. Tem por atribui\u00e7\u00e3o oferecer embasamento t\u00e9cnico-cient\u00edfico necess\u00e1rio ao planejamento de pol\u00edticas p\u00fablicas e ao processo decis\u00f3rio legislativo no \u00e2mbito da Assembleia. Para isso, o Conselho mant\u00e9m o interc\u00e2mbio com institui\u00e7\u00f5es cient\u00edficas e de pesquisa, centros tecnol\u00f3gicos e universidades, organismos ou entidades estatais e privadas voltados para o seu campo de atua\u00e7\u00e3o.<br>Davi de Raimund\u00e3o e seu assessor foram recepcionados pela Secret\u00e1ria Executiva do Conselho, Lu\u00edza Martins; pela coordenadora t\u00e9cnica do Pacto pelo Saneamento B\u00e1sico, Rosana Garjulli e pela equipe t\u00e9cnica da Secretaria Executiva. Na ocasi\u00e3o, Luiza e Rosana apresentaram os principais projetos desenvolvidos pelo Conselho nos \u00faltimos cinco anos, dentre eles: o Semin\u00e1rio Internacional sobre Seguran\u00e7a P\u00fablica, a II Confer\u00eancia da Caatinga, o Pacto pelo Saneamento B\u00e1sico, O Move Cear\u00e1 \u2013 Fortalecendo a Economia Cearense e os Projetos Grandes Debates \u2013 Parlamento Protagonista e Assembleia Itinerante.<br>Conforme Rosana Garjulli, a reuni\u00e3o com o Deputado Davi de Raimund\u00e3o, foi fundamental para o encaminhamento de algumas pend\u00eancias do Conselho em rela\u00e7\u00e3o \u00e0s atividades j\u00e1 desenvolvidas. \u201cNo caso do Pacto pelo Saneamento B\u00e1sico, ser\u00e1 necess\u00e1ria a estrutura\u00e7\u00e3o de uma comiss\u00e3o de governan\u00e7a para monitoramento e acompanhamento do Pacto, al\u00e9m da publica\u00e7\u00e3o dos materiais que foram produzidos, a exemplo do Plano Estrat\u00e9gico do Saneamento B\u00e1sico\u201d, explicou.<br>Segundo Luiza Martins, a visita do Deputado Davi de Raimund\u00e3o \u00e0 Secretaria Executiva do Conselho de Altos Estudos foi muito importante, uma vez que o mesmo demonstrou estar muito atento \u00e0s necessidades do povo cearense, trazendo inclusive a novidade de a partir de agora discutir, por meio do Conselho, quest\u00f5es sens\u00edveis como a empregabilidade, novos pactos e outros desafios. \u201cFoi uma grande alegria receber o deputado Davi de Raimund\u00e3o aqui, pois apesar de ser um jovem deputado, tem muito conte\u00fado e excelentes prop\u00f3sitos para o nosso estado\u201d, comenta.<br><\/p>\n\n\n\n<figure class=\"wp-block-image size-full\"><img loading=\"lazy\" decoding=\"async\" width=\"1024\" height=\"768\" src=\"https:\/\/blogdorogeriogomes.com.br\/wp-content\/uploads\/2023\/03\/IMG-20230316-WA0134.jpg\" alt=\"\" class=\"wp-image-28708\" srcset=\"https:\/\/blogdorogeriogomes.com.br\/noticias\/wp-content\/uploads\/2023\/03\/IMG-20230316-WA0134.jpg 1024w, https:\/\/blogdorogeriogomes.com.br\/noticias\/wp-content\/uploads\/2023\/03\/IMG-20230316-WA0134-300x225.jpg 300w, https:\/\/blogdorogeriogomes.com.br\/noticias\/wp-content\/uploads\/2023\/03\/IMG-20230316-WA0134-768x576.jpg 768w, https:\/\/blogdorogeriogomes.com.br\/noticias\/wp-content\/uploads\/2023\/03\/IMG-20230316-WA0134-800x600.jpg 800w, https:\/\/blogdorogeriogomes.com.br\/noticias\/wp-content\/uploads\/2023\/03\/IMG-20230316-WA0134-400x300.jpg 400w\" sizes=\"auto, (max-width: 1024px) 100vw, 1024px\" \/><\/figure>\n","protected":false},"excerpt":{"rendered":"<p>O Deputado Davi de Raimund\u00e3o (MDB) visitou nesta quinta-feira, dia 16 de mar\u00e7o, a Secretaria Executiva do Conselho de Altos Estudos e Assuntos Estrat\u00e9gicos da Assembleia Legislativa do Cear\u00e1. Davi de Raimund\u00e3o assumiu a presid\u00eancia do Conselho de Altos Estudos recentemente e esteve hoje na Secretaria, acompanhado de seu assessor legislativo Igor Lima, para conhecer os principais projetos e a\u00e7\u00f5es desenvolvidos nos \u00faltimos anos.O Conselho de Altos Estudos e Assuntos Estrat\u00e9gicos, criado em 13 de setembro de 2007, \u00e9&hellip;<\/p>\n","protected":false},"author":1,"featured_media":28708,"comment_status":"open","ping_status":"open","sticky":false,"template":"","format":"standard","meta":{"footnotes":""},"categories":[1],"tags":[],"class_list":["post-28707","post","type-post","status-publish","format-standard","has-post-thumbnail","hentry","category-noticias"],"_links":{"self":[{"href":"https:\/\/blogdorogeriogomes.com.br\/noticias\/wp-json\/wp\/v2\/posts\/28707","targetHints":{"allow":["GET"]}}],"collection":[{"href":"https:\/\/blogdorogeriogomes.com.br\/noticias\/wp-json\/wp\/v2\/posts"}],"about":[{"href":"https:\/\/blogdorogeriogomes.com.br\/noticias\/wp-json\/wp\/v2\/types\/post"}],"author":[{"embeddable":true,"href":"https:\/\/blogdorogeriogomes.com.br\/noticias\/wp-json\/wp\/v2\/users\/1"}],"replies":[{"embeddable":true,"href":"https:\/\/blogdorogeriogomes.com.br\/noticias\/wp-json\/wp\/v2\/comments?post=28707"}],"version-history":[{"count":1,"href":"https:\/\/blogdorogeriogomes.com.br\/noticias\/wp-json\/wp\/v2\/posts\/28707\/revisions"}],"predecessor-version":[{"id":28709,"href":"https:\/\/blogdorogeriogomes.com.br\/noticias\/wp-json\/wp\/v2\/posts\/28707\/revisions\/28709"}],"wp:featuredmedia":[{"embeddable":true,"href":"https:\/\/blogdorogeriogomes.com.br\/noticias\/wp-json\/wp\/v2\/media\/28708"}],"wp:attachment":[{"href":"https:\/\/blogdorogeriogomes.com.br\/noticias\/wp-json\/wp\/v2\/media?parent=28707"}],"wp:term":[{"taxonomy":"category","embeddable":true,"href":"https:\/\/blogdorogeriogomes.com.br\/noticias\/wp-json\/wp\/v2\/categories?post=28707"},{"taxonomy":"post_tag","embeddable":true,"href":"https:\/\/blogdorogeriogomes.com.br\/noticias\/wp-json\/wp\/v2\/tags?post=28707"}],"curies":[{"name":"wp","href":"https:\/\/api.w.org\/{rel}","templated":true}]}}