{"id":28713,"date":"2023-03-17T12:07:11","date_gmt":"2023-03-17T12:07:11","guid":{"rendered":"https:\/\/blogdorogeriogomes.com.br\/?p=28713"},"modified":"2023-03-17T19:27:15","modified_gmt":"2023-03-17T19:27:15","slug":"governo-do-ceara-vai-anunciar-novos-investimentos-para-setor-rural-no-dia-de-sao-jose","status":"publish","type":"post","link":"https:\/\/blogdorogeriogomes.com.br\/noticias\/2023\/03\/governo-do-ceara-vai-anunciar-novos-investimentos-para-setor-rural-no-dia-de-sao-jose\/","title":{"rendered":"Governo do Cear\u00e1 vai anunciar novos investimentos para setor rural no Dia de S\u00e3o Jos\u00e9"},"content":{"rendered":"\n<p>Em meio \u00e0s boas chuvas que ca\u00edram esta semana, neste domingo, dia 19 de mar\u00e7o, se comemora o Dia de S\u00e3o Jos\u00e9, padroeiro do Cear\u00e1. E o Governo do Cear\u00e1 aproveita para anunciar uma s\u00e9rie de investimentos para o desenvolvimento rural, como recursos para abastecimento d\u2019\u00e1gua, projetos produtivos e regulariza\u00e7\u00e3o fundi\u00e1ria.<\/p>\n\n\n\n<p>O conjunto de an\u00fancios ser\u00e1 oficializado pelo governador Elmano de Freitas, na pra\u00e7a Capistrano de Abreu, em Maranguape, a partir das 9 horas. Tamb\u00e9m participam secret\u00e1rios estaduais, prefeitos, parlamentares, movimentos sociais, gestores municipais de Agricultura e trabalhadores rurais.<\/p>\n\n\n\n<figure class=\"wp-block-image size-full\"><img loading=\"lazy\" decoding=\"async\" width=\"680\" height=\"451\" src=\"https:\/\/blogdorogeriogomes.com.br\/wp-content\/uploads\/2023\/03\/images-1.jpeg\" alt=\"\" class=\"wp-image-28714\" srcset=\"https:\/\/blogdorogeriogomes.com.br\/noticias\/wp-content\/uploads\/2023\/03\/images-1.jpeg 680w, https:\/\/blogdorogeriogomes.com.br\/noticias\/wp-content\/uploads\/2023\/03\/images-1-300x199.jpeg 300w\" sizes=\"auto, (max-width: 680px) 100vw, 680px\" \/><\/figure>\n","protected":false},"excerpt":{"rendered":"<p>Em meio \u00e0s boas chuvas que ca\u00edram esta semana, neste domingo, dia 19 de mar\u00e7o, se comemora o Dia de S\u00e3o Jos\u00e9, padroeiro do Cear\u00e1. E o Governo do Cear\u00e1 aproveita para anunciar uma s\u00e9rie de investimentos para o desenvolvimento rural, como recursos para abastecimento d\u2019\u00e1gua, projetos produtivos e regulariza\u00e7\u00e3o fundi\u00e1ria. O conjunto de an\u00fancios ser\u00e1 oficializado pelo governador Elmano de Freitas, na pra\u00e7a Capistrano de Abreu, em Maranguape, a partir das 9 horas. Tamb\u00e9m participam secret\u00e1rios estaduais, prefeitos,&hellip;<\/p>\n","protected":false},"author":1,"featured_media":28714,"comment_status":"open","ping_status":"open","sticky":false,"template":"","format":"standard","meta":{"footnotes":""},"categories":[1],"tags":[],"class_list":["post-28713","post","type-post","status-publish","format-standard","has-post-thumbnail","hentry","category-noticias"],"_links":{"self":[{"href":"https:\/\/blogdorogeriogomes.com.br\/noticias\/wp-json\/wp\/v2\/posts\/28713","targetHints":{"allow":["GET"]}}],"collection":[{"href":"https:\/\/blogdorogeriogomes.com.br\/noticias\/wp-json\/wp\/v2\/posts"}],"about":[{"href":"https:\/\/blogdorogeriogomes.com.br\/noticias\/wp-json\/wp\/v2\/types\/post"}],"author":[{"embeddable":true,"href":"https:\/\/blogdorogeriogomes.com.br\/noticias\/wp-json\/wp\/v2\/users\/1"}],"replies":[{"embeddable":true,"href":"https:\/\/blogdorogeriogomes.com.br\/noticias\/wp-json\/wp\/v2\/comments?post=28713"}],"version-history":[{"count":1,"href":"https:\/\/blogdorogeriogomes.com.br\/noticias\/wp-json\/wp\/v2\/posts\/28713\/revisions"}],"predecessor-version":[{"id":28715,"href":"https:\/\/blogdorogeriogomes.com.br\/noticias\/wp-json\/wp\/v2\/posts\/28713\/revisions\/28715"}],"wp:featuredmedia":[{"embeddable":true,"href":"https:\/\/blogdorogeriogomes.com.br\/noticias\/wp-json\/wp\/v2\/media\/28714"}],"wp:attachment":[{"href":"https:\/\/blogdorogeriogomes.com.br\/noticias\/wp-json\/wp\/v2\/media?parent=28713"}],"wp:term":[{"taxonomy":"category","embeddable":true,"href":"https:\/\/blogdorogeriogomes.com.br\/noticias\/wp-json\/wp\/v2\/categories?post=28713"},{"taxonomy":"post_tag","embeddable":true,"href":"https:\/\/blogdorogeriogomes.com.br\/noticias\/wp-json\/wp\/v2\/tags?post=28713"}],"curies":[{"name":"wp","href":"https:\/\/api.w.org\/{rel}","templated":true}]}}