{"id":28719,"date":"2023-03-20T17:57:01","date_gmt":"2023-03-20T17:57:01","guid":{"rendered":"https:\/\/blogdorogeriogomes.com.br\/?p=28719"},"modified":"2023-03-21T11:56:12","modified_gmt":"2023-03-21T11:56:12","slug":"governo-federal-relanca-programa-mais-medicos-e-inicia-pagamento-do-novo-bolsa-familia-com-media-de-r-670","status":"publish","type":"post","link":"https:\/\/blogdorogeriogomes.com.br\/noticias\/2023\/03\/governo-federal-relanca-programa-mais-medicos-e-inicia-pagamento-do-novo-bolsa-familia-com-media-de-r-670\/","title":{"rendered":"Governo Federal relan\u00e7a Programa Mais M\u00e9dicos e inicia pagamento do novo Bolsa Fam\u00edlia com m\u00e9dia de R$ 670"},"content":{"rendered":"\n<p>O&nbsp;Governo Federal come\u00e7a nesta segunda-feira, dia 20 de mar\u00e7o, os pagamentos do novo&nbsp;Bolsa Fam\u00edlia com valor m\u00e9dio de R$ 670. O programa foi reformulado ap\u00f3s a elei\u00e7\u00e3o do presidente&nbsp;Lula&nbsp;(PT). Durante a gest\u00e3o de Jair Bolsonaro (PL), o programa havia sido rebatizado de&nbsp;Aux\u00edlio Brasil.<br>Tamb\u00e9m nesta segunda-feira, o Governo Lula relan\u00e7a o programa Mais M\u00e9dicos para o Brasil. A cerim\u00f4nia acontece no Pal\u00e1cio do Planalto, com a presen\u00e7a do presidente Luiz In\u00e1cio Lula da Silva e da ministra da Sa\u00fade, N\u00edsia Trindade.<br>De acordo com o governo, a iniciativa vai ampliar o acesso ao atendimento m\u00e9dico no pa\u00eds, principalmente nas regi\u00f5es de extrema pobreza e vazios assistenciais.<br>Al\u00e9m de ampliar o n\u00famero de profissionais da sa\u00fade, o programa vai melhorar o Sistema \u00danico de Sa\u00fade (SUS), com investimentos em constru\u00e7\u00e3o e reforma de unidades b\u00e1sicas.<br>Criado pela ent\u00e3o presidente Dilma Rousseff, o Programa Mais M\u00e9dicos chegou a ser respons\u00e1vel por 100% da aten\u00e7\u00e3o prim\u00e1ria em 1.039 munic\u00edpios, contratou mais de 18 mil profissionais e beneficiou 63 milh\u00f5es de brasileiros. No novo formato, a expectativa \u00e9 que sejam anunciados incentivos de perman\u00eancia dos profissionais nos munic\u00edpios.<\/p>\n\n\n\n<figure class=\"wp-block-image size-full\"><img loading=\"lazy\" decoding=\"async\" width=\"984\" height=\"656\" src=\"https:\/\/blogdorogeriogomes.com.br\/wp-content\/uploads\/2023\/03\/2023-03-02t171045z-903605097-rc2rlz9ik058-rtrmadp-3-brazil-politics.jpg\" alt=\"\" class=\"wp-image-28720\" srcset=\"https:\/\/blogdorogeriogomes.com.br\/noticias\/wp-content\/uploads\/2023\/03\/2023-03-02t171045z-903605097-rc2rlz9ik058-rtrmadp-3-brazil-politics.jpg 984w, https:\/\/blogdorogeriogomes.com.br\/noticias\/wp-content\/uploads\/2023\/03\/2023-03-02t171045z-903605097-rc2rlz9ik058-rtrmadp-3-brazil-politics-300x200.jpg 300w, https:\/\/blogdorogeriogomes.com.br\/noticias\/wp-content\/uploads\/2023\/03\/2023-03-02t171045z-903605097-rc2rlz9ik058-rtrmadp-3-brazil-politics-768x512.jpg 768w, https:\/\/blogdorogeriogomes.com.br\/noticias\/wp-content\/uploads\/2023\/03\/2023-03-02t171045z-903605097-rc2rlz9ik058-rtrmadp-3-brazil-politics-800x533.jpg 800w\" sizes=\"auto, (max-width: 984px) 100vw, 984px\" \/><\/figure>\n","protected":false},"excerpt":{"rendered":"<p>O&nbsp;Governo Federal come\u00e7a nesta segunda-feira, dia 20 de mar\u00e7o, os pagamentos do novo&nbsp;Bolsa Fam\u00edlia com valor m\u00e9dio de R$ 670. O programa foi reformulado ap\u00f3s a elei\u00e7\u00e3o do presidente&nbsp;Lula&nbsp;(PT). Durante a gest\u00e3o de Jair Bolsonaro (PL), o programa havia sido rebatizado de&nbsp;Aux\u00edlio Brasil.Tamb\u00e9m nesta segunda-feira, o Governo Lula relan\u00e7a o programa Mais M\u00e9dicos para o Brasil. A cerim\u00f4nia acontece no Pal\u00e1cio do Planalto, com a presen\u00e7a do presidente Luiz In\u00e1cio Lula da Silva e da ministra da Sa\u00fade, N\u00edsia&hellip;<\/p>\n","protected":false},"author":1,"featured_media":28720,"comment_status":"open","ping_status":"open","sticky":false,"template":"","format":"standard","meta":{"footnotes":""},"categories":[1],"tags":[],"class_list":["post-28719","post","type-post","status-publish","format-standard","has-post-thumbnail","hentry","category-noticias"],"_links":{"self":[{"href":"https:\/\/blogdorogeriogomes.com.br\/noticias\/wp-json\/wp\/v2\/posts\/28719","targetHints":{"allow":["GET"]}}],"collection":[{"href":"https:\/\/blogdorogeriogomes.com.br\/noticias\/wp-json\/wp\/v2\/posts"}],"about":[{"href":"https:\/\/blogdorogeriogomes.com.br\/noticias\/wp-json\/wp\/v2\/types\/post"}],"author":[{"embeddable":true,"href":"https:\/\/blogdorogeriogomes.com.br\/noticias\/wp-json\/wp\/v2\/users\/1"}],"replies":[{"embeddable":true,"href":"https:\/\/blogdorogeriogomes.com.br\/noticias\/wp-json\/wp\/v2\/comments?post=28719"}],"version-history":[{"count":2,"href":"https:\/\/blogdorogeriogomes.com.br\/noticias\/wp-json\/wp\/v2\/posts\/28719\/revisions"}],"predecessor-version":[{"id":28737,"href":"https:\/\/blogdorogeriogomes.com.br\/noticias\/wp-json\/wp\/v2\/posts\/28719\/revisions\/28737"}],"wp:featuredmedia":[{"embeddable":true,"href":"https:\/\/blogdorogeriogomes.com.br\/noticias\/wp-json\/wp\/v2\/media\/28720"}],"wp:attachment":[{"href":"https:\/\/blogdorogeriogomes.com.br\/noticias\/wp-json\/wp\/v2\/media?parent=28719"}],"wp:term":[{"taxonomy":"category","embeddable":true,"href":"https:\/\/blogdorogeriogomes.com.br\/noticias\/wp-json\/wp\/v2\/categories?post=28719"},{"taxonomy":"post_tag","embeddable":true,"href":"https:\/\/blogdorogeriogomes.com.br\/noticias\/wp-json\/wp\/v2\/tags?post=28719"}],"curies":[{"name":"wp","href":"https:\/\/api.w.org\/{rel}","templated":true}]}}