{"id":28722,"date":"2023-03-20T23:47:48","date_gmt":"2023-03-20T23:47:48","guid":{"rendered":"https:\/\/blogdorogeriogomes.com.br\/?p=28722"},"modified":"2023-03-21T11:56:04","modified_gmt":"2023-03-21T11:56:04","slug":"prefeito-jose-sarto-sanciona-lei-que-permite-realizacao-de-concurso-com-mil-vagas-para-guarda-municipal","status":"publish","type":"post","link":"https:\/\/blogdorogeriogomes.com.br\/noticias\/2023\/03\/prefeito-jose-sarto-sanciona-lei-que-permite-realizacao-de-concurso-com-mil-vagas-para-guarda-municipal\/","title":{"rendered":"Prefeito Jos\u00e9 Sarto sanciona lei que permite realiza\u00e7\u00e3o de concurso com mil vagas para Guarda Municipal"},"content":{"rendered":"\n<p>Projeto de lei sancionado pelo prefeito de Fortaleza, Jos\u00e9 Sarto, nesta segunda-feira , dia 20 de mar\u00e7o, cria 485 cargos para o efetivo do quadro de servidores e promove 109 agentes, que passar\u00e3o a atuar como subinspetores da Guarda Municipal.<\/p>\n\n\n\n<p>O Instituto de Desenvolvimento Educacional e Cultural Nacional (Idecan), que \u00e9 a institui\u00e7\u00e3o selecionada para organizar o processo seletivo, vai definir o edital em aproximadamente 30 dias.&nbsp;O projeto de lei que possibilita a realiza\u00e7\u00e3o de concurso p\u00fablico com at\u00e9 mil vagas para a Guarda Municipal de Fortaleza.<\/p>\n\n\n\n<p>A Capital conta com 2.161 agentes da Guarda Municipal, sendo 1.401 guardas municipais, 551 subinspetores e 209 inspetores. Ap\u00f3s o concurso, o efetivo passar\u00e1 para 3.161 agentes.<\/p>\n\n\n\n<figure class=\"wp-block-image size-full\"><img loading=\"lazy\" decoding=\"async\" width=\"773\" height=\"397\" src=\"https:\/\/blogdorogeriogomes.com.br\/wp-content\/uploads\/2023\/03\/images-4.jpeg\" alt=\"\" class=\"wp-image-28723\" srcset=\"https:\/\/blogdorogeriogomes.com.br\/noticias\/wp-content\/uploads\/2023\/03\/images-4.jpeg 773w, https:\/\/blogdorogeriogomes.com.br\/noticias\/wp-content\/uploads\/2023\/03\/images-4-300x154.jpeg 300w, https:\/\/blogdorogeriogomes.com.br\/noticias\/wp-content\/uploads\/2023\/03\/images-4-768x394.jpeg 768w\" sizes=\"auto, (max-width: 773px) 100vw, 773px\" \/><\/figure>\n","protected":false},"excerpt":{"rendered":"<p>Projeto de lei sancionado pelo prefeito de Fortaleza, Jos\u00e9 Sarto, nesta segunda-feira , dia 20 de mar\u00e7o, cria 485 cargos para o efetivo do quadro de servidores e promove 109 agentes, que passar\u00e3o a atuar como subinspetores da Guarda Municipal. O Instituto de Desenvolvimento Educacional e Cultural Nacional (Idecan), que \u00e9 a institui\u00e7\u00e3o selecionada para organizar o processo seletivo, vai definir o edital em aproximadamente 30 dias.&nbsp;O projeto de lei que possibilita a realiza\u00e7\u00e3o de concurso p\u00fablico com at\u00e9&hellip;<\/p>\n","protected":false},"author":1,"featured_media":28723,"comment_status":"open","ping_status":"open","sticky":false,"template":"","format":"standard","meta":{"footnotes":""},"categories":[1],"tags":[],"class_list":["post-28722","post","type-post","status-publish","format-standard","has-post-thumbnail","hentry","category-noticias"],"_links":{"self":[{"href":"https:\/\/blogdorogeriogomes.com.br\/noticias\/wp-json\/wp\/v2\/posts\/28722","targetHints":{"allow":["GET"]}}],"collection":[{"href":"https:\/\/blogdorogeriogomes.com.br\/noticias\/wp-json\/wp\/v2\/posts"}],"about":[{"href":"https:\/\/blogdorogeriogomes.com.br\/noticias\/wp-json\/wp\/v2\/types\/post"}],"author":[{"embeddable":true,"href":"https:\/\/blogdorogeriogomes.com.br\/noticias\/wp-json\/wp\/v2\/users\/1"}],"replies":[{"embeddable":true,"href":"https:\/\/blogdorogeriogomes.com.br\/noticias\/wp-json\/wp\/v2\/comments?post=28722"}],"version-history":[{"count":2,"href":"https:\/\/blogdorogeriogomes.com.br\/noticias\/wp-json\/wp\/v2\/posts\/28722\/revisions"}],"predecessor-version":[{"id":28736,"href":"https:\/\/blogdorogeriogomes.com.br\/noticias\/wp-json\/wp\/v2\/posts\/28722\/revisions\/28736"}],"wp:featuredmedia":[{"embeddable":true,"href":"https:\/\/blogdorogeriogomes.com.br\/noticias\/wp-json\/wp\/v2\/media\/28723"}],"wp:attachment":[{"href":"https:\/\/blogdorogeriogomes.com.br\/noticias\/wp-json\/wp\/v2\/media?parent=28722"}],"wp:term":[{"taxonomy":"category","embeddable":true,"href":"https:\/\/blogdorogeriogomes.com.br\/noticias\/wp-json\/wp\/v2\/categories?post=28722"},{"taxonomy":"post_tag","embeddable":true,"href":"https:\/\/blogdorogeriogomes.com.br\/noticias\/wp-json\/wp\/v2\/tags?post=28722"}],"curies":[{"name":"wp","href":"https:\/\/api.w.org\/{rel}","templated":true}]}}