{"id":28725,"date":"2023-03-21T00:16:36","date_gmt":"2023-03-21T00:16:36","guid":{"rendered":"https:\/\/blogdorogeriogomes.com.br\/?p=28725"},"modified":"2023-03-21T11:55:56","modified_gmt":"2023-03-21T11:55:56","slug":"comite-de-politica-monetaria-do-banco-central-volta-a-se-reunir-e-sofre-pressao-por-baixa-de-juros-no-pais","status":"publish","type":"post","link":"https:\/\/blogdorogeriogomes.com.br\/noticias\/2023\/03\/comite-de-politica-monetaria-do-banco-central-volta-a-se-reunir-e-sofre-pressao-por-baixa-de-juros-no-pais\/","title":{"rendered":"Comit\u00ea de Pol\u00edtica Monet\u00e1ria do Banco Central volta a se reunir e sofre press\u00e3o por baixa de juros no Pa\u00eds"},"content":{"rendered":"\n<p>A reuni\u00e3o do Comit\u00ea de Pol\u00edtica Monet\u00e1ria (Copom) do Banco Central est\u00e1 marcada para esta ter\u00e7a-feira, dia 21 de mar\u00e7o e quarta-feira, dia 22. A expectativa do mercado \u00e9 que a reuni\u00e3o mantenha em 13,65% a taxa Selic. Mas a press\u00e3o pela baixa de juros \u00e9 grande por parte do Governo Federal e tamb\u00e9m pelo empresariado. O presidente do Banco Central, Roberto Campos Neto, que se assumiu bolsonarista durante a \u00faltima campanha eleitoral, tem recebido cr\u00edticas do presidente Lula por insistir na tese de juros altos que atrapalha os investimentos previstos pelo Governo Federal e o consequente desenvolvimento econ\u00f4mico do Pa\u00eds.<\/p>\n\n\n\n<p>O norte-americano Joseph Stiglitz, pr\u00eamio Nobel de Economia, participa do semin\u00e1rio &#8216;Estrat\u00e9gias de Desenvolvimento Sustent\u00e1vel para o S\u00e9culo 21&#8217;, na sede do BNDES, no Rio de Janeiro. Nesta segunda-feira, dia 20 de mar\u00e7o, ele disse que o Brasil vem sobrevivendo a uma \u201cpena de morte\u201d ao se referir \u00e0 alta taxa de juros imposta pelo Banco Central, que classificou como &#8220;chocante&#8221;.<\/p>\n\n\n\n<p>No mesmo evento, Geraldo Alckmin, vice-presidente da Rep\u00fablica e ministro do Desenvolvimento, Ind\u00fastria, Com\u00e9rcio e Servi\u00e7os, criticou a atual&nbsp;taxa de juros no Brasil. Alckmin afirmou: \u201cN\u00e3o h\u00e1 nada que justifique 8% de juro real acima da infla\u00e7\u00e3o quando n\u00e3o h\u00e1 demanda explodindo e de outro lado quando o mundo inteiro est\u00e1 praticamente com juro negativo\u201d.<\/p>\n\n\n\n<figure class=\"wp-block-image size-full\"><img loading=\"lazy\" decoding=\"async\" width=\"698\" height=\"439\" src=\"https:\/\/blogdorogeriogomes.com.br\/wp-content\/uploads\/2023\/03\/images-5.jpeg\" alt=\"\" class=\"wp-image-28726\" srcset=\"https:\/\/blogdorogeriogomes.com.br\/noticias\/wp-content\/uploads\/2023\/03\/images-5.jpeg 698w, https:\/\/blogdorogeriogomes.com.br\/noticias\/wp-content\/uploads\/2023\/03\/images-5-300x189.jpeg 300w, https:\/\/blogdorogeriogomes.com.br\/noticias\/wp-content\/uploads\/2023\/03\/images-5-320x202.jpeg 320w\" sizes=\"auto, (max-width: 698px) 100vw, 698px\" \/><\/figure>\n","protected":false},"excerpt":{"rendered":"<p>A reuni\u00e3o do Comit\u00ea de Pol\u00edtica Monet\u00e1ria (Copom) do Banco Central est\u00e1 marcada para esta ter\u00e7a-feira, dia 21 de mar\u00e7o e quarta-feira, dia 22. A expectativa do mercado \u00e9 que a reuni\u00e3o mantenha em 13,65% a taxa Selic. Mas a press\u00e3o pela baixa de juros \u00e9 grande por parte do Governo Federal e tamb\u00e9m pelo empresariado. O presidente do Banco Central, Roberto Campos Neto, que se assumiu bolsonarista durante a \u00faltima campanha eleitoral, tem recebido cr\u00edticas do presidente Lula&hellip;<\/p>\n","protected":false},"author":1,"featured_media":28726,"comment_status":"open","ping_status":"open","sticky":false,"template":"","format":"standard","meta":{"footnotes":""},"categories":[1],"tags":[],"class_list":["post-28725","post","type-post","status-publish","format-standard","has-post-thumbnail","hentry","category-noticias"],"_links":{"self":[{"href":"https:\/\/blogdorogeriogomes.com.br\/noticias\/wp-json\/wp\/v2\/posts\/28725","targetHints":{"allow":["GET"]}}],"collection":[{"href":"https:\/\/blogdorogeriogomes.com.br\/noticias\/wp-json\/wp\/v2\/posts"}],"about":[{"href":"https:\/\/blogdorogeriogomes.com.br\/noticias\/wp-json\/wp\/v2\/types\/post"}],"author":[{"embeddable":true,"href":"https:\/\/blogdorogeriogomes.com.br\/noticias\/wp-json\/wp\/v2\/users\/1"}],"replies":[{"embeddable":true,"href":"https:\/\/blogdorogeriogomes.com.br\/noticias\/wp-json\/wp\/v2\/comments?post=28725"}],"version-history":[{"count":2,"href":"https:\/\/blogdorogeriogomes.com.br\/noticias\/wp-json\/wp\/v2\/posts\/28725\/revisions"}],"predecessor-version":[{"id":28735,"href":"https:\/\/blogdorogeriogomes.com.br\/noticias\/wp-json\/wp\/v2\/posts\/28725\/revisions\/28735"}],"wp:featuredmedia":[{"embeddable":true,"href":"https:\/\/blogdorogeriogomes.com.br\/noticias\/wp-json\/wp\/v2\/media\/28726"}],"wp:attachment":[{"href":"https:\/\/blogdorogeriogomes.com.br\/noticias\/wp-json\/wp\/v2\/media?parent=28725"}],"wp:term":[{"taxonomy":"category","embeddable":true,"href":"https:\/\/blogdorogeriogomes.com.br\/noticias\/wp-json\/wp\/v2\/categories?post=28725"},{"taxonomy":"post_tag","embeddable":true,"href":"https:\/\/blogdorogeriogomes.com.br\/noticias\/wp-json\/wp\/v2\/tags?post=28725"}],"curies":[{"name":"wp","href":"https:\/\/api.w.org\/{rel}","templated":true}]}}