{"id":28731,"date":"2023-03-21T11:01:29","date_gmt":"2023-03-21T11:01:29","guid":{"rendered":"https:\/\/blogdorogeriogomes.com.br\/?p=28731"},"modified":"2023-03-21T11:55:35","modified_gmt":"2023-03-21T11:55:35","slug":"prefeitos-do-cariri-tentam-retomar-voos-em-reuniao-com-ministro-dos-portos-e-aeroportos-em-brasilia","status":"publish","type":"post","link":"https:\/\/blogdorogeriogomes.com.br\/noticias\/2023\/03\/prefeitos-do-cariri-tentam-retomar-voos-em-reuniao-com-ministro-dos-portos-e-aeroportos-em-brasilia\/","title":{"rendered":"Prefeitos do Cariri tentam retomar voos em reuni\u00e3o com ministro dos Portos e Aeroportos em Bras\u00edlia"},"content":{"rendered":"\n<p>A retomada de voos de Bras\u00edlia diretamente para o Cariri foi tema de reuni\u00e3o dos prefeitos de Juazeiro do Norte, Gledson Bezerra (Podemos), do Crato, Ze Ailton (PT) e de Barbalha, Guilherme Saraiva (PDT), com o ministro dos Portos e Aeroportos, M\u00e1rcio Fran\u00e7a, em Bras\u00edlia . A ideia \u00e9 tamb\u00e9m atrair outros investimentos para o setor. <\/p>\n\n\n\n<p>O encontro foi organizado pelo l\u00edder do PT da Governo na C\u00e2mara dos Deputados, Jos\u00e9 Guimar\u00e3es, e teve tamb\u00e9m a presen\u00e7a do vice-presidente da Assembleia Legislativa, Fernando Santana (PT).<\/p>\n\n\n\n<p>Os prefeitos caririenses defendem o retorno de voos di\u00e1rios nos trechos Juazeiro do Norte\/Fortaleza e Juazeiro do Norte\/Bras\u00edlia.<\/p>\n\n\n\n<figure class=\"wp-block-image size-large\"><img loading=\"lazy\" decoding=\"async\" width=\"1024\" height=\"782\" src=\"https:\/\/blogdorogeriogomes.com.br\/wp-content\/uploads\/2023\/03\/IMG-20230320-WA0148-1024x782.jpg\" alt=\"\" class=\"wp-image-28732\" srcset=\"https:\/\/blogdorogeriogomes.com.br\/noticias\/wp-content\/uploads\/2023\/03\/IMG-20230320-WA0148-1024x782.jpg 1024w, https:\/\/blogdorogeriogomes.com.br\/noticias\/wp-content\/uploads\/2023\/03\/IMG-20230320-WA0148-300x229.jpg 300w, https:\/\/blogdorogeriogomes.com.br\/noticias\/wp-content\/uploads\/2023\/03\/IMG-20230320-WA0148-768x587.jpg 768w, https:\/\/blogdorogeriogomes.com.br\/noticias\/wp-content\/uploads\/2023\/03\/IMG-20230320-WA0148-800x611.jpg 800w, https:\/\/blogdorogeriogomes.com.br\/noticias\/wp-content\/uploads\/2023\/03\/IMG-20230320-WA0148-180x138.jpg 180w, https:\/\/blogdorogeriogomes.com.br\/noticias\/wp-content\/uploads\/2023\/03\/IMG-20230320-WA0148.jpg 1280w\" sizes=\"auto, (max-width: 1024px) 100vw, 1024px\" \/><\/figure>\n","protected":false},"excerpt":{"rendered":"<p>A retomada de voos de Bras\u00edlia diretamente para o Cariri foi tema de reuni\u00e3o dos prefeitos de Juazeiro do Norte, Gledson Bezerra (Podemos), do Crato, Ze Ailton (PT) e de Barbalha, Guilherme Saraiva (PDT), com o ministro dos Portos e Aeroportos, M\u00e1rcio Fran\u00e7a, em Bras\u00edlia . A ideia \u00e9 tamb\u00e9m atrair outros investimentos para o setor. O encontro foi organizado pelo l\u00edder do PT da Governo na C\u00e2mara dos Deputados, Jos\u00e9 Guimar\u00e3es, e teve tamb\u00e9m a presen\u00e7a do vice-presidente&hellip;<\/p>\n","protected":false},"author":1,"featured_media":28732,"comment_status":"open","ping_status":"open","sticky":false,"template":"","format":"standard","meta":{"footnotes":""},"categories":[1],"tags":[],"class_list":["post-28731","post","type-post","status-publish","format-standard","has-post-thumbnail","hentry","category-noticias"],"_links":{"self":[{"href":"https:\/\/blogdorogeriogomes.com.br\/noticias\/wp-json\/wp\/v2\/posts\/28731","targetHints":{"allow":["GET"]}}],"collection":[{"href":"https:\/\/blogdorogeriogomes.com.br\/noticias\/wp-json\/wp\/v2\/posts"}],"about":[{"href":"https:\/\/blogdorogeriogomes.com.br\/noticias\/wp-json\/wp\/v2\/types\/post"}],"author":[{"embeddable":true,"href":"https:\/\/blogdorogeriogomes.com.br\/noticias\/wp-json\/wp\/v2\/users\/1"}],"replies":[{"embeddable":true,"href":"https:\/\/blogdorogeriogomes.com.br\/noticias\/wp-json\/wp\/v2\/comments?post=28731"}],"version-history":[{"count":1,"href":"https:\/\/blogdorogeriogomes.com.br\/noticias\/wp-json\/wp\/v2\/posts\/28731\/revisions"}],"predecessor-version":[{"id":28733,"href":"https:\/\/blogdorogeriogomes.com.br\/noticias\/wp-json\/wp\/v2\/posts\/28731\/revisions\/28733"}],"wp:featuredmedia":[{"embeddable":true,"href":"https:\/\/blogdorogeriogomes.com.br\/noticias\/wp-json\/wp\/v2\/media\/28732"}],"wp:attachment":[{"href":"https:\/\/blogdorogeriogomes.com.br\/noticias\/wp-json\/wp\/v2\/media?parent=28731"}],"wp:term":[{"taxonomy":"category","embeddable":true,"href":"https:\/\/blogdorogeriogomes.com.br\/noticias\/wp-json\/wp\/v2\/categories?post=28731"},{"taxonomy":"post_tag","embeddable":true,"href":"https:\/\/blogdorogeriogomes.com.br\/noticias\/wp-json\/wp\/v2\/tags?post=28731"}],"curies":[{"name":"wp","href":"https:\/\/api.w.org\/{rel}","templated":true}]}}