{"id":28738,"date":"2023-03-22T00:23:41","date_gmt":"2023-03-22T00:23:41","guid":{"rendered":"https:\/\/blogdorogeriogomes.com.br\/?p=28738"},"modified":"2023-03-22T11:57:37","modified_gmt":"2023-03-22T11:57:37","slug":"lula-diz-a-camilo-que-mec-vai-mudar-a-reforma-do-ensino-medio-nao-vai-ser-como-esta","status":"publish","type":"post","link":"https:\/\/blogdorogeriogomes.com.br\/noticias\/2023\/03\/lula-diz-a-camilo-que-mec-vai-mudar-a-reforma-do-ensino-medio-nao-vai-ser-como-esta\/","title":{"rendered":"Lula diz a Camilo que MEC vai mudar a reforma do Ensino M\u00e9dio: &#8220;N\u00e3o vai ser como est\u00e1&#8221;"},"content":{"rendered":"\n<p>Alvo de muitas cr\u00edticas de setores da educa\u00e7\u00e3o, o novo Ensino M\u00e9dio deve sofrer modifica\u00e7\u00f5es no Governo Lula. Nesta ter\u00e7a-feira, dia 21 de mar\u00e7o, o presidente Lula afirmou que o ministro da Educa\u00e7\u00e3o, Camilo Santana, vai mudar a reforma do Ensino M\u00e9dio ap\u00f3s debater com a sociedade civil. &#8220;N\u00e3o vai ser do jeito que est\u00e1. Para que a gente possa fazer uma coisa que seja agrad\u00e1vel para o governo mas tamb\u00e9m aos estudantes&#8221;, disse Lula.<\/p>\n\n\n\n<p>A nova proposta de Ensino M\u00e9dio foi aprovada em 2017, durante a gest\u00e3o Michel Temer (MDB), por meio de Medida Provis\u00f3ria. \u00c0 \u00e9poca, j\u00e1 havia no Congresso uma outra proposta de reformula\u00e7\u00e3o enviada pelo ex-ministro da Educa\u00e7\u00e3o Fernando Haddad, hoje na Fazenda.<br>O petista disse ainda que j\u00e1 tem conversado com sindicatos de educadores para ouvir propostas e que Camilo far\u00e1 o mesmo.<\/p>\n\n\n\n<figure class=\"wp-block-image size-full\"><img loading=\"lazy\" decoding=\"async\" width=\"896\" height=\"628\" src=\"https:\/\/blogdorogeriogomes.com.br\/wp-content\/uploads\/2023\/03\/IMG-20230321-WA0180.jpg\" alt=\"\" class=\"wp-image-28739\" srcset=\"https:\/\/blogdorogeriogomes.com.br\/noticias\/wp-content\/uploads\/2023\/03\/IMG-20230321-WA0180.jpg 896w, https:\/\/blogdorogeriogomes.com.br\/noticias\/wp-content\/uploads\/2023\/03\/IMG-20230321-WA0180-300x210.jpg 300w, https:\/\/blogdorogeriogomes.com.br\/noticias\/wp-content\/uploads\/2023\/03\/IMG-20230321-WA0180-768x538.jpg 768w, https:\/\/blogdorogeriogomes.com.br\/noticias\/wp-content\/uploads\/2023\/03\/IMG-20230321-WA0180-800x561.jpg 800w\" sizes=\"auto, (max-width: 896px) 100vw, 896px\" \/><\/figure>\n\n\n\n<p><br><\/p>\n","protected":false},"excerpt":{"rendered":"<p>Alvo de muitas cr\u00edticas de setores da educa\u00e7\u00e3o, o novo Ensino M\u00e9dio deve sofrer modifica\u00e7\u00f5es no Governo Lula. Nesta ter\u00e7a-feira, dia 21 de mar\u00e7o, o presidente Lula afirmou que o ministro da Educa\u00e7\u00e3o, Camilo Santana, vai mudar a reforma do Ensino M\u00e9dio ap\u00f3s debater com a sociedade civil. &#8220;N\u00e3o vai ser do jeito que est\u00e1. Para que a gente possa fazer uma coisa que seja agrad\u00e1vel para o governo mas tamb\u00e9m aos estudantes&#8221;, disse Lula. A nova proposta de&hellip;<\/p>\n","protected":false},"author":1,"featured_media":28739,"comment_status":"open","ping_status":"open","sticky":false,"template":"","format":"standard","meta":{"footnotes":""},"categories":[1],"tags":[],"class_list":["post-28738","post","type-post","status-publish","format-standard","has-post-thumbnail","hentry","category-noticias"],"_links":{"self":[{"href":"https:\/\/blogdorogeriogomes.com.br\/noticias\/wp-json\/wp\/v2\/posts\/28738","targetHints":{"allow":["GET"]}}],"collection":[{"href":"https:\/\/blogdorogeriogomes.com.br\/noticias\/wp-json\/wp\/v2\/posts"}],"about":[{"href":"https:\/\/blogdorogeriogomes.com.br\/noticias\/wp-json\/wp\/v2\/types\/post"}],"author":[{"embeddable":true,"href":"https:\/\/blogdorogeriogomes.com.br\/noticias\/wp-json\/wp\/v2\/users\/1"}],"replies":[{"embeddable":true,"href":"https:\/\/blogdorogeriogomes.com.br\/noticias\/wp-json\/wp\/v2\/comments?post=28738"}],"version-history":[{"count":1,"href":"https:\/\/blogdorogeriogomes.com.br\/noticias\/wp-json\/wp\/v2\/posts\/28738\/revisions"}],"predecessor-version":[{"id":28740,"href":"https:\/\/blogdorogeriogomes.com.br\/noticias\/wp-json\/wp\/v2\/posts\/28738\/revisions\/28740"}],"wp:featuredmedia":[{"embeddable":true,"href":"https:\/\/blogdorogeriogomes.com.br\/noticias\/wp-json\/wp\/v2\/media\/28739"}],"wp:attachment":[{"href":"https:\/\/blogdorogeriogomes.com.br\/noticias\/wp-json\/wp\/v2\/media?parent=28738"}],"wp:term":[{"taxonomy":"category","embeddable":true,"href":"https:\/\/blogdorogeriogomes.com.br\/noticias\/wp-json\/wp\/v2\/categories?post=28738"},{"taxonomy":"post_tag","embeddable":true,"href":"https:\/\/blogdorogeriogomes.com.br\/noticias\/wp-json\/wp\/v2\/tags?post=28738"}],"curies":[{"name":"wp","href":"https:\/\/api.w.org\/{rel}","templated":true}]}}