{"id":28741,"date":"2023-03-22T00:44:59","date_gmt":"2023-03-22T00:44:59","guid":{"rendered":"https:\/\/blogdorogeriogomes.com.br\/?p=28741"},"modified":"2023-03-22T11:57:00","modified_gmt":"2023-03-22T11:57:00","slug":"governo-do-estado-envia-projeto-a-assembleia-legislativa-para-ajudar-desabrigados-com-as-chuvas","status":"publish","type":"post","link":"https:\/\/blogdorogeriogomes.com.br\/noticias\/2023\/03\/governo-do-estado-envia-projeto-a-assembleia-legislativa-para-ajudar-desabrigados-com-as-chuvas\/","title":{"rendered":"Governo do Estado envia projeto a Assembleia Legislativa para ajudar desabrigados com as chuvas"},"content":{"rendered":"\n<p>Diante das fortes chuvas que t\u00eam castigado o interior do Cear\u00e1 e provocado com que pessoas percam suas casas, come\u00e7ou a tramitar na Assembleia Legislativa do Cear\u00e1 um projeto&nbsp;enviado pelo governador Elmano de Freitas (PT) que prev\u00ea a\u00e7\u00f5es e pol\u00edticas estaduais permanentes para o enfrentamento de situa\u00e7\u00f5es de emerg\u00eancia ou calamidade p\u00fablica declaradas em munic\u00edpios do Estado.<\/p>\n\n\n\n<p>O Governo do Cear\u00e1 prev\u00ea a possibilidade de concess\u00e3o de aluguel social a fam\u00edlias \u201cdesabrigadas ou que precisem ser retiradas de suas moradias por estarem em \u00e1reas de risco\u201d, bem como a possibilidade de transfer\u00eancia definitiva das fam\u00edlias para im\u00f3veis adquiridos ou desapropriados pelo Estado.<\/p>\n\n\n\n<p>As chuvas continuam provocando transtornos em munic\u00edpios do interior. Em Uruburetama, uma comunidade com 100 habitantes ficou isolada por causa de deslizamentos de terra. A BR-222 teve dois pontos interrompidos. Em Senador Pompeu tamb\u00e9m foram registrados alagamentos.<br><\/p>\n\n\n\n<figure class=\"wp-block-image size-full\"><img loading=\"lazy\" decoding=\"async\" width=\"984\" height=\"554\" src=\"https:\/\/blogdorogeriogomes.com.br\/wp-content\/uploads\/2023\/03\/whatsapp-image-2023-03-16-at-15.36.54-1-1.jpeg\" alt=\"\" class=\"wp-image-28742\" srcset=\"https:\/\/blogdorogeriogomes.com.br\/noticias\/wp-content\/uploads\/2023\/03\/whatsapp-image-2023-03-16-at-15.36.54-1-1.jpeg 984w, https:\/\/blogdorogeriogomes.com.br\/noticias\/wp-content\/uploads\/2023\/03\/whatsapp-image-2023-03-16-at-15.36.54-1-1-300x169.jpeg 300w, https:\/\/blogdorogeriogomes.com.br\/noticias\/wp-content\/uploads\/2023\/03\/whatsapp-image-2023-03-16-at-15.36.54-1-1-768x432.jpeg 768w, https:\/\/blogdorogeriogomes.com.br\/noticias\/wp-content\/uploads\/2023\/03\/whatsapp-image-2023-03-16-at-15.36.54-1-1-800x450.jpeg 800w\" sizes=\"auto, (max-width: 984px) 100vw, 984px\" \/><\/figure>\n","protected":false},"excerpt":{"rendered":"<p>Diante das fortes chuvas que t\u00eam castigado o interior do Cear\u00e1 e provocado com que pessoas percam suas casas, come\u00e7ou a tramitar na Assembleia Legislativa do Cear\u00e1 um projeto&nbsp;enviado pelo governador Elmano de Freitas (PT) que prev\u00ea a\u00e7\u00f5es e pol\u00edticas estaduais permanentes para o enfrentamento de situa\u00e7\u00f5es de emerg\u00eancia ou calamidade p\u00fablica declaradas em munic\u00edpios do Estado. O Governo do Cear\u00e1 prev\u00ea a possibilidade de concess\u00e3o de aluguel social a fam\u00edlias \u201cdesabrigadas ou que precisem ser retiradas de suas&hellip;<\/p>\n","protected":false},"author":1,"featured_media":28742,"comment_status":"open","ping_status":"open","sticky":false,"template":"","format":"standard","meta":{"footnotes":""},"categories":[1],"tags":[],"class_list":["post-28741","post","type-post","status-publish","format-standard","has-post-thumbnail","hentry","category-noticias"],"_links":{"self":[{"href":"https:\/\/blogdorogeriogomes.com.br\/noticias\/wp-json\/wp\/v2\/posts\/28741","targetHints":{"allow":["GET"]}}],"collection":[{"href":"https:\/\/blogdorogeriogomes.com.br\/noticias\/wp-json\/wp\/v2\/posts"}],"about":[{"href":"https:\/\/blogdorogeriogomes.com.br\/noticias\/wp-json\/wp\/v2\/types\/post"}],"author":[{"embeddable":true,"href":"https:\/\/blogdorogeriogomes.com.br\/noticias\/wp-json\/wp\/v2\/users\/1"}],"replies":[{"embeddable":true,"href":"https:\/\/blogdorogeriogomes.com.br\/noticias\/wp-json\/wp\/v2\/comments?post=28741"}],"version-history":[{"count":2,"href":"https:\/\/blogdorogeriogomes.com.br\/noticias\/wp-json\/wp\/v2\/posts\/28741\/revisions"}],"predecessor-version":[{"id":28753,"href":"https:\/\/blogdorogeriogomes.com.br\/noticias\/wp-json\/wp\/v2\/posts\/28741\/revisions\/28753"}],"wp:featuredmedia":[{"embeddable":true,"href":"https:\/\/blogdorogeriogomes.com.br\/noticias\/wp-json\/wp\/v2\/media\/28742"}],"wp:attachment":[{"href":"https:\/\/blogdorogeriogomes.com.br\/noticias\/wp-json\/wp\/v2\/media?parent=28741"}],"wp:term":[{"taxonomy":"category","embeddable":true,"href":"https:\/\/blogdorogeriogomes.com.br\/noticias\/wp-json\/wp\/v2\/categories?post=28741"},{"taxonomy":"post_tag","embeddable":true,"href":"https:\/\/blogdorogeriogomes.com.br\/noticias\/wp-json\/wp\/v2\/tags?post=28741"}],"curies":[{"name":"wp","href":"https:\/\/api.w.org\/{rel}","templated":true}]}}