{"id":28744,"date":"2023-03-22T10:50:30","date_gmt":"2023-03-22T10:50:30","guid":{"rendered":"https:\/\/blogdorogeriogomes.com.br\/?p=28744"},"modified":"2023-03-22T11:56:52","modified_gmt":"2023-03-22T11:56:52","slug":"prefeitura-de-fortaleza-realiza-plantio-simultaneo-de-2-023-mudas-em-10-pontos-da-capital","status":"publish","type":"post","link":"https:\/\/blogdorogeriogomes.com.br\/noticias\/2023\/03\/prefeitura-de-fortaleza-realiza-plantio-simultaneo-de-2-023-mudas-em-10-pontos-da-capital\/","title":{"rendered":"Prefeitura de Fortaleza realiza plantio simult\u00e2neo de 2.023 mudas em 10 pontos da Capital"},"content":{"rendered":"\n<p>A Prefeitura de Fortaleza realizou, nesta ter\u00e7a-feira, dia 21 de mar\u00e7o, o maior plantio simult\u00e2neo de \u00e1rvores do Brasil. Ao todo, 2.023 mudas de esp\u00e9cies nativas, medicinais e ornamentais foram plantadas na cidade. A iniciativa ocorre em alus\u00e3o ao Dia Internacional das Florestas e da \u00c1rvore, aprovado em 2012 pela Assembleia Geral das Na\u00e7\u00f5es Unidas (ONU), marcando a import\u00e2ncia de preservar as florestas e recursos naturais, essenciais ao combate \u00e0 mudan\u00e7a clim\u00e1tica.<\/p>\n\n\n\n<p>O prefeito Jos\u00e9 Sarto, que plantou uma muda de Ip\u00ea Branco no Parque Rachel de Queiroz, destacou que o meio ambiente \u00e9 uma das prioridades da gest\u00e3o municipal, e que a Prefeitura de Fortaleza j\u00e1 plantou mais de 100 mil \u00e1rvores desde 2021. \u201cA a\u00e7\u00e3o de hoje significa valorizar o meio ambiente e pautar a quest\u00e3o da arboriza\u00e7\u00e3o, que \u00e9 muito importante. Neste ato, estamos plantando mudas, simultaneamente, em 10 locais de Fortaleza. Ser\u00e3o 2.023 \u00e1rvores plantadas hoje, e j\u00e1 s\u00e3o mais de 100 mil desde o in\u00edcio da gest\u00e3o. Este \u00e9 o momento da gente convidar a popula\u00e7\u00e3o para refletir sobre a arboriza\u00e7\u00e3o da cidade, para que ela ganhe cada vez mais \u00e1reas verdes\u201d, destacou Sarto.<\/p>\n\n\n\n<figure class=\"wp-block-image size-large\"><img loading=\"lazy\" decoding=\"async\" width=\"1024\" height=\"602\" src=\"https:\/\/blogdorogeriogomes.com.br\/wp-content\/uploads\/2023\/03\/21-03-2023-Super-plantio-de-mudas-de-arvores-11-1024x602.jpg\" alt=\"\" class=\"wp-image-28745\" srcset=\"https:\/\/blogdorogeriogomes.com.br\/noticias\/wp-content\/uploads\/2023\/03\/21-03-2023-Super-plantio-de-mudas-de-arvores-11-1024x602.jpg 1024w, https:\/\/blogdorogeriogomes.com.br\/noticias\/wp-content\/uploads\/2023\/03\/21-03-2023-Super-plantio-de-mudas-de-arvores-11-300x176.jpg 300w, https:\/\/blogdorogeriogomes.com.br\/noticias\/wp-content\/uploads\/2023\/03\/21-03-2023-Super-plantio-de-mudas-de-arvores-11-768x451.jpg 768w, https:\/\/blogdorogeriogomes.com.br\/noticias\/wp-content\/uploads\/2023\/03\/21-03-2023-Super-plantio-de-mudas-de-arvores-11-800x470.jpg 800w, https:\/\/blogdorogeriogomes.com.br\/noticias\/wp-content\/uploads\/2023\/03\/21-03-2023-Super-plantio-de-mudas-de-arvores-11.jpg 1280w\" sizes=\"auto, (max-width: 1024px) 100vw, 1024px\" \/><\/figure>\n","protected":false},"excerpt":{"rendered":"<p>A Prefeitura de Fortaleza realizou, nesta ter\u00e7a-feira, dia 21 de mar\u00e7o, o maior plantio simult\u00e2neo de \u00e1rvores do Brasil. Ao todo, 2.023 mudas de esp\u00e9cies nativas, medicinais e ornamentais foram plantadas na cidade. A iniciativa ocorre em alus\u00e3o ao Dia Internacional das Florestas e da \u00c1rvore, aprovado em 2012 pela Assembleia Geral das Na\u00e7\u00f5es Unidas (ONU), marcando a import\u00e2ncia de preservar as florestas e recursos naturais, essenciais ao combate \u00e0 mudan\u00e7a clim\u00e1tica. O prefeito Jos\u00e9 Sarto, que plantou uma&hellip;<\/p>\n","protected":false},"author":1,"featured_media":28745,"comment_status":"open","ping_status":"open","sticky":false,"template":"","format":"standard","meta":{"footnotes":""},"categories":[1],"tags":[],"class_list":["post-28744","post","type-post","status-publish","format-standard","has-post-thumbnail","hentry","category-noticias"],"_links":{"self":[{"href":"https:\/\/blogdorogeriogomes.com.br\/noticias\/wp-json\/wp\/v2\/posts\/28744","targetHints":{"allow":["GET"]}}],"collection":[{"href":"https:\/\/blogdorogeriogomes.com.br\/noticias\/wp-json\/wp\/v2\/posts"}],"about":[{"href":"https:\/\/blogdorogeriogomes.com.br\/noticias\/wp-json\/wp\/v2\/types\/post"}],"author":[{"embeddable":true,"href":"https:\/\/blogdorogeriogomes.com.br\/noticias\/wp-json\/wp\/v2\/users\/1"}],"replies":[{"embeddable":true,"href":"https:\/\/blogdorogeriogomes.com.br\/noticias\/wp-json\/wp\/v2\/comments?post=28744"}],"version-history":[{"count":1,"href":"https:\/\/blogdorogeriogomes.com.br\/noticias\/wp-json\/wp\/v2\/posts\/28744\/revisions"}],"predecessor-version":[{"id":28746,"href":"https:\/\/blogdorogeriogomes.com.br\/noticias\/wp-json\/wp\/v2\/posts\/28744\/revisions\/28746"}],"wp:featuredmedia":[{"embeddable":true,"href":"https:\/\/blogdorogeriogomes.com.br\/noticias\/wp-json\/wp\/v2\/media\/28745"}],"wp:attachment":[{"href":"https:\/\/blogdorogeriogomes.com.br\/noticias\/wp-json\/wp\/v2\/media?parent=28744"}],"wp:term":[{"taxonomy":"category","embeddable":true,"href":"https:\/\/blogdorogeriogomes.com.br\/noticias\/wp-json\/wp\/v2\/categories?post=28744"},{"taxonomy":"post_tag","embeddable":true,"href":"https:\/\/blogdorogeriogomes.com.br\/noticias\/wp-json\/wp\/v2\/tags?post=28744"}],"curies":[{"name":"wp","href":"https:\/\/api.w.org\/{rel}","templated":true}]}}