{"id":28750,"date":"2023-03-22T11:36:41","date_gmt":"2023-03-22T11:36:41","guid":{"rendered":"https:\/\/blogdorogeriogomes.com.br\/?p=28750"},"modified":"2023-03-22T11:56:10","modified_gmt":"2023-03-22T11:56:10","slug":"banco-de-leite-humano-da-maternidade-escola-comemora-35-anos-nesta-quinta-feira","status":"publish","type":"post","link":"https:\/\/blogdorogeriogomes.com.br\/noticias\/2023\/03\/banco-de-leite-humano-da-maternidade-escola-comemora-35-anos-nesta-quinta-feira\/","title":{"rendered":"Banco de Leite Humano da Maternidade Escola comemora 35 anos nesta quinta-feira"},"content":{"rendered":"\n<p>Nesta quinta-feira, dia 23 de mar\u00e7o, o Banco de Leite Humano da Maternidade-Escola Assis Chateaubriand (MEAC), do Complexo Hospitalar da UFC\/Ebserh (CH-UFC), em Fortaleza, estar\u00e1 comemorando 35 anos de uma trajet\u00f3ria de acolhimento e assist\u00eancia \u00e0s m\u00e3es e rec\u00e9m-nascidos. Para celebrar a data, haver\u00e1 uma cerim\u00f4nia no Jardim da Maternidade, \u00e0s 9h. O Banco de Leite da MEAC \u00e9 o primeiro do Cear\u00e1.<\/p>\n\n\n\n<p>A comemora\u00e7\u00e3o contar\u00e1 com a presen\u00e7a de gestores, colaboradores e pacientes, em uma programa\u00e7\u00e3o que recordar\u00e1 as principais atividades e momentos vivenciados pelo Banco de Leite Humano ao longo do tempo, momento que ser\u00e1 finalizado com a tradicional distribui\u00e7\u00e3o de fatias de bolo. A chefe do Banco de Leite, Jana\u00edna Landim, conta que o evento \u00e9 uma forma de celebrar as atividades desenvolvidas nos 35 anos de exist\u00eancia do servi\u00e7o.<\/p>\n\n\n\n<figure class=\"wp-block-image size-full\"><img loading=\"lazy\" decoding=\"async\" width=\"692\" height=\"443\" src=\"https:\/\/blogdorogeriogomes.com.br\/wp-content\/uploads\/2023\/03\/images-7-1.jpeg\" alt=\"\" class=\"wp-image-28751\" srcset=\"https:\/\/blogdorogeriogomes.com.br\/noticias\/wp-content\/uploads\/2023\/03\/images-7-1.jpeg 692w, https:\/\/blogdorogeriogomes.com.br\/noticias\/wp-content\/uploads\/2023\/03\/images-7-1-300x192.jpeg 300w\" sizes=\"auto, (max-width: 692px) 100vw, 692px\" \/><\/figure>\n","protected":false},"excerpt":{"rendered":"<p>Nesta quinta-feira, dia 23 de mar\u00e7o, o Banco de Leite Humano da Maternidade-Escola Assis Chateaubriand (MEAC), do Complexo Hospitalar da UFC\/Ebserh (CH-UFC), em Fortaleza, estar\u00e1 comemorando 35 anos de uma trajet\u00f3ria de acolhimento e assist\u00eancia \u00e0s m\u00e3es e rec\u00e9m-nascidos. Para celebrar a data, haver\u00e1 uma cerim\u00f4nia no Jardim da Maternidade, \u00e0s 9h. O Banco de Leite da MEAC \u00e9 o primeiro do Cear\u00e1. A comemora\u00e7\u00e3o contar\u00e1 com a presen\u00e7a de gestores, colaboradores e pacientes, em uma programa\u00e7\u00e3o que recordar\u00e1&hellip;<\/p>\n","protected":false},"author":1,"featured_media":28751,"comment_status":"open","ping_status":"open","sticky":false,"template":"","format":"standard","meta":{"footnotes":""},"categories":[1],"tags":[],"class_list":["post-28750","post","type-post","status-publish","format-standard","has-post-thumbnail","hentry","category-noticias"],"_links":{"self":[{"href":"https:\/\/blogdorogeriogomes.com.br\/noticias\/wp-json\/wp\/v2\/posts\/28750","targetHints":{"allow":["GET"]}}],"collection":[{"href":"https:\/\/blogdorogeriogomes.com.br\/noticias\/wp-json\/wp\/v2\/posts"}],"about":[{"href":"https:\/\/blogdorogeriogomes.com.br\/noticias\/wp-json\/wp\/v2\/types\/post"}],"author":[{"embeddable":true,"href":"https:\/\/blogdorogeriogomes.com.br\/noticias\/wp-json\/wp\/v2\/users\/1"}],"replies":[{"embeddable":true,"href":"https:\/\/blogdorogeriogomes.com.br\/noticias\/wp-json\/wp\/v2\/comments?post=28750"}],"version-history":[{"count":1,"href":"https:\/\/blogdorogeriogomes.com.br\/noticias\/wp-json\/wp\/v2\/posts\/28750\/revisions"}],"predecessor-version":[{"id":28752,"href":"https:\/\/blogdorogeriogomes.com.br\/noticias\/wp-json\/wp\/v2\/posts\/28750\/revisions\/28752"}],"wp:featuredmedia":[{"embeddable":true,"href":"https:\/\/blogdorogeriogomes.com.br\/noticias\/wp-json\/wp\/v2\/media\/28751"}],"wp:attachment":[{"href":"https:\/\/blogdorogeriogomes.com.br\/noticias\/wp-json\/wp\/v2\/media?parent=28750"}],"wp:term":[{"taxonomy":"category","embeddable":true,"href":"https:\/\/blogdorogeriogomes.com.br\/noticias\/wp-json\/wp\/v2\/categories?post=28750"},{"taxonomy":"post_tag","embeddable":true,"href":"https:\/\/blogdorogeriogomes.com.br\/noticias\/wp-json\/wp\/v2\/tags?post=28750"}],"curies":[{"name":"wp","href":"https:\/\/api.w.org\/{rel}","templated":true}]}}