{"id":28754,"date":"2023-03-23T00:40:16","date_gmt":"2023-03-23T00:40:16","guid":{"rendered":"https:\/\/blogdorogeriogomes.com.br\/?p=28754"},"modified":"2023-03-23T10:58:15","modified_gmt":"2023-03-23T10:58:15","slug":"raimundo-gomes-de-matos-que-foi-vice-de-capitao-wagner-assume-orgao-municipal-na-gestao-de-jose-sarto","status":"publish","type":"post","link":"https:\/\/blogdorogeriogomes.com.br\/noticias\/2023\/03\/raimundo-gomes-de-matos-que-foi-vice-de-capitao-wagner-assume-orgao-municipal-na-gestao-de-jose-sarto\/","title":{"rendered":"Raimundo Gomes de Matos, que foi vice de Capit\u00e3o Wagner, assume \u00f3rg\u00e3o municipal na gest\u00e3o de Jos\u00e9 Sarto"},"content":{"rendered":"\n<p>O PL do ex-presidente Jair Bolsonaro se aproxima em Fortaleza da gest\u00e3o do prefeito Jos\u00e9 Sarto (PDT). O ex-candidato a vice-governador do Cear\u00e1 ao lado do ex-deputado Capit\u00e3o Wagner (Uni\u00e3o Brasil),<strong>&nbsp;<\/strong>Raimundo Gomes de Matos&nbsp;(PL), vai assumir a presid\u00eancia da Funda\u00e7\u00e3o da Crian\u00e7a e da Fam\u00edlia Cidad\u00e3 (Funci). Al\u00e9m disso, o seu filho Pedro Gomes de Matos, vereador de Fortaleza pelo PL, tamb\u00e9m passa a compor a base de Sarto na C\u00e2mara Municipal de Fortaleza.<\/p>\n\n\n\n<p>O PL \u00e9 presidido no Cear\u00e1 pelo prefeito do Eus\u00e9bio, Acilon Gon\u00e7alves. Integrantes do PL e PDT t\u00eam se aproximado em Fortaleza ap\u00f3s terem ficado em lados opostos nas \u00faltimas elei\u00e7\u00f5es. O PL tem a segunda maior bancada na C\u00e2mara Municipal de Fortaleza com seis vereadores. Pelo menos quatro est\u00e3o na base do prefeito Jos\u00e9 Sarto.<\/p>\n\n\n\n<figure class=\"wp-block-image size-full\"><img loading=\"lazy\" decoding=\"async\" width=\"679\" height=\"452\" src=\"https:\/\/blogdorogeriogomes.com.br\/wp-content\/uploads\/2023\/03\/images-9-1.jpeg\" alt=\"\" class=\"wp-image-28755\" srcset=\"https:\/\/blogdorogeriogomes.com.br\/noticias\/wp-content\/uploads\/2023\/03\/images-9-1.jpeg 679w, https:\/\/blogdorogeriogomes.com.br\/noticias\/wp-content\/uploads\/2023\/03\/images-9-1-300x200.jpeg 300w\" sizes=\"auto, (max-width: 679px) 100vw, 679px\" \/><\/figure>\n","protected":false},"excerpt":{"rendered":"<p>O PL do ex-presidente Jair Bolsonaro se aproxima em Fortaleza da gest\u00e3o do prefeito Jos\u00e9 Sarto (PDT). O ex-candidato a vice-governador do Cear\u00e1 ao lado do ex-deputado Capit\u00e3o Wagner (Uni\u00e3o Brasil),&nbsp;Raimundo Gomes de Matos&nbsp;(PL), vai assumir a presid\u00eancia da Funda\u00e7\u00e3o da Crian\u00e7a e da Fam\u00edlia Cidad\u00e3 (Funci). Al\u00e9m disso, o seu filho Pedro Gomes de Matos, vereador de Fortaleza pelo PL, tamb\u00e9m passa a compor a base de Sarto na C\u00e2mara Municipal de Fortaleza. O PL \u00e9 presidido no&hellip;<\/p>\n","protected":false},"author":1,"featured_media":28755,"comment_status":"open","ping_status":"open","sticky":false,"template":"","format":"standard","meta":{"footnotes":""},"categories":[1],"tags":[],"class_list":["post-28754","post","type-post","status-publish","format-standard","has-post-thumbnail","hentry","category-noticias"],"_links":{"self":[{"href":"https:\/\/blogdorogeriogomes.com.br\/noticias\/wp-json\/wp\/v2\/posts\/28754","targetHints":{"allow":["GET"]}}],"collection":[{"href":"https:\/\/blogdorogeriogomes.com.br\/noticias\/wp-json\/wp\/v2\/posts"}],"about":[{"href":"https:\/\/blogdorogeriogomes.com.br\/noticias\/wp-json\/wp\/v2\/types\/post"}],"author":[{"embeddable":true,"href":"https:\/\/blogdorogeriogomes.com.br\/noticias\/wp-json\/wp\/v2\/users\/1"}],"replies":[{"embeddable":true,"href":"https:\/\/blogdorogeriogomes.com.br\/noticias\/wp-json\/wp\/v2\/comments?post=28754"}],"version-history":[{"count":2,"href":"https:\/\/blogdorogeriogomes.com.br\/noticias\/wp-json\/wp\/v2\/posts\/28754\/revisions"}],"predecessor-version":[{"id":28767,"href":"https:\/\/blogdorogeriogomes.com.br\/noticias\/wp-json\/wp\/v2\/posts\/28754\/revisions\/28767"}],"wp:featuredmedia":[{"embeddable":true,"href":"https:\/\/blogdorogeriogomes.com.br\/noticias\/wp-json\/wp\/v2\/media\/28755"}],"wp:attachment":[{"href":"https:\/\/blogdorogeriogomes.com.br\/noticias\/wp-json\/wp\/v2\/media?parent=28754"}],"wp:term":[{"taxonomy":"category","embeddable":true,"href":"https:\/\/blogdorogeriogomes.com.br\/noticias\/wp-json\/wp\/v2\/categories?post=28754"},{"taxonomy":"post_tag","embeddable":true,"href":"https:\/\/blogdorogeriogomes.com.br\/noticias\/wp-json\/wp\/v2\/tags?post=28754"}],"curies":[{"name":"wp","href":"https:\/\/api.w.org\/{rel}","templated":true}]}}